{"id":3507,"date":"2017-09-25T18:46:07","date_gmt":"2017-09-25T16:46:07","guid":{"rendered":"https:\/\/centers.ulbsibiu.ro\/ccsprise\/lact\/?p=3507"},"modified":"2017-09-25T18:46:07","modified_gmt":"2017-09-25T16:46:07","slug":"25-09-2017-tiraspolul-accepta-modelul-placutelor-neutre-de-inmatriculare-pentru-automobilele-din-regiune","status":"publish","type":"post","link":"https:\/\/centers.ulbsibiu.ro\/ccsprise\/lact\/25-09-2017-tiraspolul-accepta-modelul-placutelor-neutre-de-inmatriculare-pentru-automobilele-din-regiune\/","title":{"rendered":"25.09.2017: Tiraspolul accept\u0103 modelul placu\u0163elor neutre de \u00eenmatriculare pentru automobilele din regiune"},"content":{"rendered":"<p><strong>Tiraspolul este gata s\u0103 accepte modelul placu\u0163elor neutre de \u00eenmatriculare pentru automobilele din regiune. Informa\u0163ia a fost confirmat\u0103 pentru Publika TV de c\u0103tre vicepremierul pentru Reintegrare, Gheorghe B\u0103lan.<\/strong><\/p>\n<p>Potrivit lui, urmeaz\u0103 s\u0103 fie negociat\u0103 procedura de \u00eenregistrare a acestor automobile. Chi\u015fin\u0103ul propune ca ma\u0219inile din regiunea transnistrean\u0103 s\u0103 fie \u00eenregistrate de c\u0103tre \u00eentreprinderea de stat &#8220;Registru&#8221;.<\/p>\n<p><strong>Totodat\u0103, pe site-ul pretinsului liderul de la Tiraspol, se anun\u0163\u0103 c\u0103 administra\u0163ia regiunii este gata s\u0103 mearg\u0103 la compromis \u00een acest sens pentru ca problema s\u0103 fie solu\u0163ionat\u0103. <\/strong><\/p>\n<p>Potrivit lui Krasnoselki, Tiraspolul a anun\u021bat oficial participan\u0163ii formatului de negocieri &#8220;5+2&#8221;. \u00a0\u00cen prezent, automobilele \u00eenregistrate de autorit\u0103\u0163ile nerecunoscute nu pot circula \u00een afara teritoriului Republicii Moldova.<\/p>\n<p>Cite\u0219te mai mult: <a href=\"https:\/\/www.publika.md\/tiraspolul-accepta-modelul-placutelor-neutre-de-inmatriculare-pentru-automobilele-din-regiune_2981571.html#ixzz4ti42q4RE\">https:\/\/www.publika.md\/tiraspolul-accepta-modelul-placutelor-neutre-de-inmatriculare-pentru-automobilele-din-regiune_2981571.html#ixzz4ti42q4RE<\/a><\/p>\n","protected":false},"excerpt":{"rendered":"<p>Tiraspolul este gata s\u0103 accepte modelul placu\u0163elor neutre de \u00eenmatriculare pentru automobilele din regiune. Informa\u0163ia a fost confirmat\u0103 pentru Publika TV de c\u0103tre vicepremierul pentru Reintegrare, Gheorghe B\u0103lan. Potrivit lui, urmeaz\u0103 s\u0103 fie negociat\u0103 procedura de \u00eenregistrare a acestor automobile. Chi\u015fin\u0103ul propune ca ma\u0219inile din regiunea transnistrean\u0103 s\u0103 fie \u00eenregistrate de c\u0103tre \u00eentreprinderea de stat&#8230;<\/p>\n","protected":false},"author":2,"featured_media":0,"comment_status":"closed","ping_status":"open","sticky":false,"template":"","format":"standard","meta":[],"categories":[1],"tags":[],"_links":{"self":[{"href":"https:\/\/centers.ulbsibiu.ro\/ccsprise\/lact\/wp-json\/wp\/v2\/posts\/3507"}],"collection":[{"href":"https:\/\/centers.ulbsibiu.ro\/ccsprise\/lact\/wp-json\/wp\/v2\/posts"}],"about":[{"href":"https:\/\/centers.ulbsibiu.ro\/ccsprise\/lact\/wp-json\/wp\/v2\/types\/post"}],"author":[{"embeddable":true,"href":"https:\/\/centers.ulbsibiu.ro\/ccsprise\/lact\/wp-json\/wp\/v2\/users\/2"}],"replies":[{"embeddable":true,"href":"https:\/\/centers.ulbsibiu.ro\/ccsprise\/lact\/wp-json\/wp\/v2\/comments?post=3507"}],"version-history":[{"count":1,"href":"https:\/\/centers.ulbsibiu.ro\/ccsprise\/lact\/wp-json\/wp\/v2\/posts\/3507\/revisions"}],"predecessor-version":[{"id":3508,"href":"https:\/\/centers.ulbsibiu.ro\/ccsprise\/lact\/wp-json\/wp\/v2\/posts\/3507\/revisions\/3508"}],"wp:attachment":[{"href":"https:\/\/centers.ulbsibiu.ro\/ccsprise\/lact\/wp-json\/wp\/v2\/media?parent=3507"}],"wp:term":[{"taxonomy":"category","embeddable":true,"href":"https:\/\/centers.ulbsibiu.ro\/ccsprise\/lact\/wp-json\/wp\/v2\/categories?post=3507"},{"taxonomy":"post_tag","embeddable":true,"href":"https:\/\/centers.ulbsibiu.ro\/ccsprise\/lact\/wp-json\/wp\/v2\/tags?post=3507"}],"curies":[{"name":"wp","href":"https:\/\/api.w.org\/{rel}","templated":true}]}}