{"id":3490,"date":"2017-09-22T18:26:02","date_gmt":"2017-09-22T16:26:02","guid":{"rendered":"https:\/\/centers.ulbsibiu.ro\/ccsprise\/lact\/?p=3490"},"modified":"2017-09-22T18:26:02","modified_gmt":"2017-09-22T16:26:02","slug":"22-09-2017-presedintele-moldovei-intentioneaza-sa-desfasoare-o-intalnire-cu-societatea-civila-din-transnistria","status":"publish","type":"post","link":"https:\/\/centers.ulbsibiu.ro\/ccsprise\/lact\/22-09-2017-presedintele-moldovei-intentioneaza-sa-desfasoare-o-intalnire-cu-societatea-civila-din-transnistria\/","title":{"rendered":"22.09.2017: PRE\u015eEDINTELE MOLDOVEI INTEN\u0162IONEAZ\u0102 S\u0102 DESF\u0102\u015eOARE O \u00ceNT\u00c2LNIRE CU SOCIETATEA CIVIL\u0102 DIN TRANSNISTRIA"},"content":{"rendered":"<p>Pre\u015fedintele Igor Dodon a declarat c\u0103 inten\u0163ioneaz\u0103 s\u0103 desf\u0103\u015foare o \u00eent\u00e2lnire cu societatea civil\u0103 din Transnistria. Potrivit agen\u0163iei INFOTAG, despre aceasta el a declarat joi seara, \u00een cadrul \u201eliniei directe\u201d cu telespectatorii postului Accent TV.<\/p>\n<p>El a men\u0163ionat c\u0103 \u201etrebuie restabilit\u0103 \u00eencrederea\u201d \u015fi planific\u0103 s\u0103 desf\u0103\u015foare o asemenea \u00eent\u00e2lnire la \u00eenceputul lunii octombrie. Potrivit lui, \u00eempiedicarea unei astfel de \u00eent\u00e2lniri de c\u0103tre administra\u0163ia transnistrean\u0103 este \u201eo politic\u0103 neprev\u0103z\u0103toare \u0219i nu va duce la nimic bun\u201d.<\/p>\n<p>\u201eVreau s\u0103 avem o \u00eent\u00e2lnire f\u0103r\u0103 cravate. Dac\u0103 doresc, pot participa \u015fi deputa\u021bii, dac\u0103 le va permite \u201e\u015eheriff\u201d (compania care controleaz\u0103 autorit\u0103\u021bile Transnistriei \u2013 \u201eI.\u201d). F\u0103r\u0103 pres\u0103, ca nimeni s\u0103 nu se team\u0103, c\u0103ci se pare c\u0103 acolo sunt represiuni. Tinerii au venit la Co\u015fni\u0163a, iar apoi au fost \u00eentreba\u021bi de ce au venit la \u00eent\u00e2lnirea cu Pre\u0219edintele Republicii Moldova. Este o politic\u0103 neprev\u0103z\u0103toare, iar acest lucru nu va duce la nimic bun. Nu este nevoie s\u0103 mai fie \u00eencurajat\u0103 ur\u0103 unul fa\u0163\u0103 de altul\u201d, a spus Igor Dodon.<\/p>\n<p>El a subliniat c\u0103 este deschis pentru un dialog cu conducerea \u0219i cu locuitorii Transnistriei. Cu reprezentan\u021bii societ\u0103\u0163ii din st\u00e2nga Nistrului Igor Dodon inten\u021bioneaz\u0103 s\u0103 discute problemele comune, viitorul \u0219i condi\u021biile de pace pe Nistru.<\/p>\n<p>\u201eEste clar c\u0103 acum nu vom rezolva situa\u021bia at\u00e2ta timp c\u00e2t \u00een Parlament \u0219i \u00een Guvern se fac declara\u021bii antiruse\u015fti. Dar trebuie s\u0103 ne a\u015fez\u0103m la mas\u0103 \u0219i s\u0103 ne g\u00e2ndim ce vom face mai departe atunci c\u00e2nd vom ob\u021bine majoritatea parlamentar\u0103\u201d, a spus Dodon.<\/p>\n<p>Dup\u0103 cum a informat anterior INFOTAG, Pre\u0219edintele Igor Dodon \u0219i liderul transnistrean Vadim Krasnoselski au avut dou\u0103 \u00eent\u00e2lniri \u2013 \u00een ianuarie \u0219i martie 2017. De asemenea, ei inten\u021bionau s\u0103 se \u00eent\u00e2lneasc\u0103 \u00een mai, apoi \u00een iulie, dar \u00eent\u00e2lnirile nu au avut loc. Negocierile \u00een formatul \u201e5+2\u201d privind reglementarea transnistrean\u0103 nu au avut loc de la \u00eenceputul anului 2014, iar toate \u00eencerc\u0103rile de reluare a procesului de negocieri nu au fost \u00eencununate de succes.<\/p>\n<p>Sursa:<\/p>\n<p><a href=\"http:\/\/www.infotag.md\/rebelion-ro\/252462\/\">http:\/\/www.infotag.md\/rebelion-ro\/252462\/<\/a><\/p>\n","protected":false},"excerpt":{"rendered":"<p>Pre\u015fedintele Igor Dodon a declarat c\u0103 inten\u0163ioneaz\u0103 s\u0103 desf\u0103\u015foare o \u00eent\u00e2lnire cu societatea civil\u0103 din Transnistria. Potrivit agen\u0163iei INFOTAG, despre aceasta el a declarat joi seara, \u00een cadrul \u201eliniei directe\u201d cu telespectatorii postului Accent TV. El a men\u0163ionat c\u0103 \u201etrebuie restabilit\u0103 \u00eencrederea\u201d \u015fi planific\u0103 s\u0103 desf\u0103\u015foare o asemenea \u00eent\u00e2lnire la \u00eenceputul lunii octombrie. Potrivit lui,&#8230;<\/p>\n","protected":false},"author":2,"featured_media":0,"comment_status":"closed","ping_status":"open","sticky":false,"template":"","format":"standard","meta":[],"categories":[1],"tags":[],"_links":{"self":[{"href":"https:\/\/centers.ulbsibiu.ro\/ccsprise\/lact\/wp-json\/wp\/v2\/posts\/3490"}],"collection":[{"href":"https:\/\/centers.ulbsibiu.ro\/ccsprise\/lact\/wp-json\/wp\/v2\/posts"}],"about":[{"href":"https:\/\/centers.ulbsibiu.ro\/ccsprise\/lact\/wp-json\/wp\/v2\/types\/post"}],"author":[{"embeddable":true,"href":"https:\/\/centers.ulbsibiu.ro\/ccsprise\/lact\/wp-json\/wp\/v2\/users\/2"}],"replies":[{"embeddable":true,"href":"https:\/\/centers.ulbsibiu.ro\/ccsprise\/lact\/wp-json\/wp\/v2\/comments?post=3490"}],"version-history":[{"count":1,"href":"https:\/\/centers.ulbsibiu.ro\/ccsprise\/lact\/wp-json\/wp\/v2\/posts\/3490\/revisions"}],"predecessor-version":[{"id":3491,"href":"https:\/\/centers.ulbsibiu.ro\/ccsprise\/lact\/wp-json\/wp\/v2\/posts\/3490\/revisions\/3491"}],"wp:attachment":[{"href":"https:\/\/centers.ulbsibiu.ro\/ccsprise\/lact\/wp-json\/wp\/v2\/media?parent=3490"}],"wp:term":[{"taxonomy":"category","embeddable":true,"href":"https:\/\/centers.ulbsibiu.ro\/ccsprise\/lact\/wp-json\/wp\/v2\/categories?post=3490"},{"taxonomy":"post_tag","embeddable":true,"href":"https:\/\/centers.ulbsibiu.ro\/ccsprise\/lact\/wp-json\/wp\/v2\/tags?post=3490"}],"curies":[{"name":"wp","href":"https:\/\/api.w.org\/{rel}","templated":true}]}}