{"id":3468,"date":"2017-09-20T18:08:03","date_gmt":"2017-09-20T16:08:03","guid":{"rendered":"https:\/\/centers.ulbsibiu.ro\/ccsprise\/lact\/?p=3468"},"modified":"2017-09-20T18:08:03","modified_gmt":"2017-09-20T16:08:03","slug":"20-09-2017-sovietul-suprem-a-sprijinit-demersul-transnistriei-la-onu","status":"publish","type":"post","link":"https:\/\/centers.ulbsibiu.ro\/ccsprise\/lact\/20-09-2017-sovietul-suprem-a-sprijinit-demersul-transnistriei-la-onu\/","title":{"rendered":"20.09.2017: SOVIETUL SUPREM A SPRIJINIT DEMERSUL TRANSNISTRIEI LA ONU"},"content":{"rendered":"<p>Sovietul Suprem (SS) al autoproclamatei RMN a votat unanim, miercuri, ini\u0163iativa liderului de la Tiraspol, Vadim Krasnoselski, privind demersul Transnistriei la ONU \u015fi a aprobat proiectul documentului.<\/p>\n<p>Potrivit agen\u0163iei INFOTAG cu referire la site-ul organului legislativ al regiunii, autorit\u0103\u0163ile cer conducerii organiza\u0163iei \u201es\u0103 examineze posibilitatea de a-i acorda RMN statutul special de observator la ONU, de a crea o comisie special\u0103 sau un grup pentru Transnistria, precum \u015fi s\u0103 examineze posibilitatea de a preg\u0103ti o declara\u0163ie a ONU privind inadmisibilitatea oric\u0103ror sanc\u0163iuni \u015fi m\u0103suri restrictive \u00een privin\u0163a republicii\u201d.<\/p>\n<p>\u201eAdresarea nu este menit s\u0103 \u00eenlocuiasc\u0103 actualul mecanism de negocieri \u201e5+2\u201c. Dar, din p\u0103cate, acesta nu mai func\u021bioneaz\u0103 deja de 15 luni. Avem nevoie de o aten\u021bie interna\u021bional\u0103 larg\u0103 pentru \u00eenc\u0103lcarea drepturilor \u0219i intereselor legitime ale Transnistriei\u201d, a declarat ministrul de Externe, Vitali Ignatiev, care a prezentat documentul.<\/p>\n<p>\u00cen cadrul discu\u021biilor privind de textul demersului, deputa\u021bii au adresat o serie de \u00eentreb\u0103ri, \u00een special, despre \u201eatitudinea Federa\u021biei Ruse fa\u021b\u0103 de acesta, despre probabilitatea de a fi asculta\u0163i de comunitatea interna\u021bional\u0103, dar \u015fi despre continuarea opera\u021biunii de men\u021binere a p\u0103cii pe Nistrul sub conducerea Rusiei\u201d.<\/p>\n<p>Adresarea adoptat\u0103 urmeaz\u0103 a fi semnat\u0103 de pre\u0219edinte, dup\u0103 care va fi trimis\u0103 secretarului general al ONU \u0219i pre\u0219edintelui celei de-a 72-a sesiuni a Adun\u0103rii Generale a ONU.<\/p>\n<p>Deputa\u021bii nu exclud c\u0103, cu timpul, vor preg\u0103ti \u015fi un apel c\u0103tre Adunarea Parlamentar\u0103 a Consiliului Europei pentru a informa parlamentarii europeni despre \u201ecum structurile de for\u0163\u0103 moldovene\u015fti \u00eencalc\u0103 drepturile \u0219i interesele legitime ale transnistrenilor, inclusiv dreptul al libera circula\u021bie\u201d.<\/p>\n<p>Sursa:<\/p>\n<p><a href=\"http:\/\/www.infotag.md\/rebelion-ro\/252415\/\">http:\/\/www.infotag.md\/rebelion-ro\/252415\/<\/a><\/p>\n","protected":false},"excerpt":{"rendered":"<p>Sovietul Suprem (SS) al autoproclamatei RMN a votat unanim, miercuri, ini\u0163iativa liderului de la Tiraspol, Vadim Krasnoselski, privind demersul Transnistriei la ONU \u015fi a aprobat proiectul documentului. Potrivit agen\u0163iei INFOTAG cu referire la site-ul organului legislativ al regiunii, autorit\u0103\u0163ile cer conducerii organiza\u0163iei \u201es\u0103 examineze posibilitatea de a-i acorda RMN statutul special de observator la ONU,&#8230;<\/p>\n","protected":false},"author":2,"featured_media":0,"comment_status":"closed","ping_status":"open","sticky":false,"template":"","format":"standard","meta":[],"categories":[1],"tags":[],"_links":{"self":[{"href":"https:\/\/centers.ulbsibiu.ro\/ccsprise\/lact\/wp-json\/wp\/v2\/posts\/3468"}],"collection":[{"href":"https:\/\/centers.ulbsibiu.ro\/ccsprise\/lact\/wp-json\/wp\/v2\/posts"}],"about":[{"href":"https:\/\/centers.ulbsibiu.ro\/ccsprise\/lact\/wp-json\/wp\/v2\/types\/post"}],"author":[{"embeddable":true,"href":"https:\/\/centers.ulbsibiu.ro\/ccsprise\/lact\/wp-json\/wp\/v2\/users\/2"}],"replies":[{"embeddable":true,"href":"https:\/\/centers.ulbsibiu.ro\/ccsprise\/lact\/wp-json\/wp\/v2\/comments?post=3468"}],"version-history":[{"count":1,"href":"https:\/\/centers.ulbsibiu.ro\/ccsprise\/lact\/wp-json\/wp\/v2\/posts\/3468\/revisions"}],"predecessor-version":[{"id":3469,"href":"https:\/\/centers.ulbsibiu.ro\/ccsprise\/lact\/wp-json\/wp\/v2\/posts\/3468\/revisions\/3469"}],"wp:attachment":[{"href":"https:\/\/centers.ulbsibiu.ro\/ccsprise\/lact\/wp-json\/wp\/v2\/media?parent=3468"}],"wp:term":[{"taxonomy":"category","embeddable":true,"href":"https:\/\/centers.ulbsibiu.ro\/ccsprise\/lact\/wp-json\/wp\/v2\/categories?post=3468"},{"taxonomy":"post_tag","embeddable":true,"href":"https:\/\/centers.ulbsibiu.ro\/ccsprise\/lact\/wp-json\/wp\/v2\/tags?post=3468"}],"curies":[{"name":"wp","href":"https:\/\/api.w.org\/{rel}","templated":true}]}}