{"id":3463,"date":"2017-09-19T17:26:10","date_gmt":"2017-09-19T15:26:10","guid":{"rendered":"https:\/\/centers.ulbsibiu.ro\/ccsprise\/lact\/?p=3463"},"modified":"2017-09-19T17:27:11","modified_gmt":"2017-09-19T15:27:11","slug":"19-09-2017-securitatea-de-la-tiraspol-prevesteste-dezordini-in-masa-in-r-moldova-si-le-recomanda-transnistrenilor-sa-stea-acasa","status":"publish","type":"post","link":"https:\/\/centers.ulbsibiu.ro\/ccsprise\/lact\/19-09-2017-securitatea-de-la-tiraspol-prevesteste-dezordini-in-masa-in-r-moldova-si-le-recomanda-transnistrenilor-sa-stea-acasa\/","title":{"rendered":"19.09.2017: Securitatea de la Tiraspol preveste\u0219te dezordini \u00een mas\u0103 \u00een R.Moldova \u0219i le recomand\u0103 transnistrenilor s\u0103 stea acas\u0103"},"content":{"rendered":"<p class=\"story-body__introduction\">Regimul separatist din Transnistria sus\u021bine c\u0103 ac\u021biunile de protest programate s\u0103 se desf\u0103\u0219oare la sf\u00e2r\u0219itul acestei s\u0103pt\u0103m\u00e2ni \u00een mai multe localit\u0103\u021bi din Republica Moldova ar putea degenera \u00een dezordini \u00een mas\u0103. \u00cen leg\u0103tur\u0103 cu aceasta, a\u0219a-numitul minister al securit\u0103\u021bii de la Tiraspol le recomand\u0103 locuitorilor din regiune \u201es\u0103 evite c\u0103l\u0103toriile\u201d pe malul drept al Nistrului \u00eentre 23 \u0219i 25 septembrie.<\/p>\n<div class=\"articleContent\">\n<p>For\u021bele de securitate de la Tiraspol \u201ele amintesc\u201d locuitorilor din Transnistria c\u0103 \u201e\u00een Moldova se desf\u0103\u0219oar\u0103 ac\u021biuni politice de protest\u201d, transmite agen\u021bia oficial\u0103 \u201eNovosti PMR\u201d.<\/p>\n<p>\u201eCa urmare a ciocnirilor dintre demonstran\u021bi \u0219i reprezentan\u021bii for\u021belor de ordine exist\u0103 victime. Pe 23, 24 \u0219i 25 septembrie 2017 \u00een mai multe ora\u0219e din Moldova este planificat\u0103 desf\u0103\u0219urarea unor manifesta\u021bii masive, care ar putea degenera \u00een dezordini \u00een mas\u0103\u201d, mai afirm\u0103 sursa citat\u0103.<\/p>\n<p>Drept urmare, locuitorilor din regiunea transnistrean\u0103 le este \u201erecomandat s\u0103 se ab\u021bin\u0103\u201d de la c\u0103l\u0103torii pe malul drept \u201e\u00een perioada indicat\u0103\u201d.<\/p>\n<p>Vom aminti c\u0103 ac\u021biuni de protest au fost anun\u021bate de pre\u0219edintele Igor Dodon \u0219i sus\u021binute de PSRM pe data de 24 septembrie, \u00een ziua \u00een care ar fi urmat s\u0103 se desf\u0103\u0219oare un referendum consultativ ini\u021biat de el, \u00eens\u0103 invalidat de Curtea Constitu\u021bional\u0103. Mitingurile \u0219i mar\u0219urile \u00een sprijinul ini\u021biativelor preziden\u021biale vor avea loc pe 24 septembrie \u00een trei ora\u0219e \u2013 la B\u0103l\u021bi, Anenii Noi \u0219i Cahul.<\/p>\n<p>Totodat\u0103, Platforma \u201eDemnitate \u0219i Adev\u0103r\u201d \u00eempreun\u0103 cu Partidul Ac\u021biune \u0219i Solidaritate, care au manifestat duminica trecut\u0103 \u00een fa\u021ba postului na\u021bional de televiziune, au anun\u021bat c\u0103 vor relua protestul, tot duminica pe 24 septembrie, dac\u0103 guvernarea \u0219i conducerea televiziunii nu vor accepta revendicarea lor de a oferi opozi\u021biei un ceas de emisie \u00een direct pe s\u0103pt\u0103m\u00e2n\u0103.<\/p>\n<p>Sursa:<\/p>\n<p><a href=\"http:\/\/radiochisinau.md\/securitatea-de-la-tiraspol-prevesteste-dezordini-in-masa-in-rmoldova-si-le-recomanda-transnistrenilor-sa-stea-acasa---56359.html\">http:\/\/radiochisinau.md\/securitatea-de-la-tiraspol-prevesteste-dezordini-in-masa-in-rmoldova-si-le-recomanda-transnistrenilor-sa-stea-acasa&#8212;56359.html<\/a><\/p>\n<\/div>\n","protected":false},"excerpt":{"rendered":"<p>Regimul separatist din Transnistria sus\u021bine c\u0103 ac\u021biunile de protest programate s\u0103 se desf\u0103\u0219oare la sf\u00e2r\u0219itul acestei s\u0103pt\u0103m\u00e2ni \u00een mai multe localit\u0103\u021bi din Republica Moldova ar putea degenera \u00een dezordini \u00een mas\u0103. \u00cen leg\u0103tur\u0103 cu aceasta, a\u0219a-numitul minister al securit\u0103\u021bii de la Tiraspol le recomand\u0103 locuitorilor din regiune \u201es\u0103 evite c\u0103l\u0103toriile\u201d pe malul drept al Nistrului&#8230;<\/p>\n","protected":false},"author":2,"featured_media":0,"comment_status":"closed","ping_status":"open","sticky":false,"template":"","format":"standard","meta":[],"categories":[1],"tags":[],"_links":{"self":[{"href":"https:\/\/centers.ulbsibiu.ro\/ccsprise\/lact\/wp-json\/wp\/v2\/posts\/3463"}],"collection":[{"href":"https:\/\/centers.ulbsibiu.ro\/ccsprise\/lact\/wp-json\/wp\/v2\/posts"}],"about":[{"href":"https:\/\/centers.ulbsibiu.ro\/ccsprise\/lact\/wp-json\/wp\/v2\/types\/post"}],"author":[{"embeddable":true,"href":"https:\/\/centers.ulbsibiu.ro\/ccsprise\/lact\/wp-json\/wp\/v2\/users\/2"}],"replies":[{"embeddable":true,"href":"https:\/\/centers.ulbsibiu.ro\/ccsprise\/lact\/wp-json\/wp\/v2\/comments?post=3463"}],"version-history":[{"count":2,"href":"https:\/\/centers.ulbsibiu.ro\/ccsprise\/lact\/wp-json\/wp\/v2\/posts\/3463\/revisions"}],"predecessor-version":[{"id":3465,"href":"https:\/\/centers.ulbsibiu.ro\/ccsprise\/lact\/wp-json\/wp\/v2\/posts\/3463\/revisions\/3465"}],"wp:attachment":[{"href":"https:\/\/centers.ulbsibiu.ro\/ccsprise\/lact\/wp-json\/wp\/v2\/media?parent=3463"}],"wp:term":[{"taxonomy":"category","embeddable":true,"href":"https:\/\/centers.ulbsibiu.ro\/ccsprise\/lact\/wp-json\/wp\/v2\/categories?post=3463"},{"taxonomy":"post_tag","embeddable":true,"href":"https:\/\/centers.ulbsibiu.ro\/ccsprise\/lact\/wp-json\/wp\/v2\/tags?post=3463"}],"curies":[{"name":"wp","href":"https:\/\/api.w.org\/{rel}","templated":true}]}}