{"id":3438,"date":"2017-09-17T18:51:58","date_gmt":"2017-09-17T16:51:58","guid":{"rendered":"https:\/\/centers.ulbsibiu.ro\/ccsprise\/lact\/?p=3438"},"modified":"2017-09-17T18:51:58","modified_gmt":"2017-09-17T16:51:58","slug":"17-09-2017-un-expert-rus-considera-ca-moldova-si-ucraina-incearca-sa-tensioneze-situatia-in-transnistria-la-indicatia-occidentului","status":"publish","type":"post","link":"https:\/\/centers.ulbsibiu.ro\/ccsprise\/lact\/17-09-2017-un-expert-rus-considera-ca-moldova-si-ucraina-incearca-sa-tensioneze-situatia-in-transnistria-la-indicatia-occidentului\/","title":{"rendered":"17.09.2017: UN EXPERT RUS CONSIDER\u0102 C\u0102 MOLDOVA \u015eI UCRAINA \u00ceNCEARC\u0102 S\u0102 TENSIONEZE SITUA\u0162IA \u00ceN TRANSNISTRIA LA INDICA\u0162IA OCCIDENTULUI"},"content":{"rendered":"<p>Expertul rus, membrul corespondent al Academiei Ruse a \u015etiin\u0163elor Naturale, Konstantin Sokolov, consider\u0103 c\u0103 \u201eMoldova \u015fi Ucraina \u00eencearc\u0103 s\u0103 tensioneze situa\u0163ia \u00een Transnistria nu din proprie ini\u0163iativ\u0103, ci la indica\u0163ia Occidentului\u201d. Potrivit agen\u0163iei INFOTAG, despre aceasta el a declarat \u00eentr-un interviu pentru publica\u0163ia german\u0103 Deutsche Welle.<\/p>\n<p>Potrivit lui, tensiunea \u00een Transnistria cre\u015fte \u00een paralel cu acutizarea rela\u0163iilor \u00eentre Rusia \u015fi SUA.<\/p>\n<p>\u201eAcum rela\u021biile cu NATO devin din ce \u00een ce mai acute \u0219i probabil c\u0103 situa\u021bia va continua s\u0103 se agraveze. Un punct de tensiune poate deveni Transnistria, care se afl\u0103 acum practic \u00eentr-o blocad\u0103, c\u0103ci gr\u0103nicerii moldoveni au fost pu\u015fi pe teritoriul Ucrainei. Dac\u0103 situa\u0163ia se va dezl\u0103n\u0163ui, atunci vor merge acolo \u015fi voluntari din Ucraina \u0219i din Rusia, iar regiunea se poate transforma \u00eentr-un punct fierbinte\u201d, a spus Sokolov.<\/p>\n<p>\u00cen opinia sa, \u201e\u00een prezent exist\u0103 un sistem de preg\u0103tire din partea Occidentului a provoc\u0103rilor interna\u021bionale majore \u00eempotriva Rusiei&#8221;.<\/p>\n<p>\u201e\u00cen acest context, speran\u021bele pentru un viitor mai luminos \u00een rela\u021biile cu NATO devin din ce \u00een ce mai pu\u021bin\u201d, a spus expertul.<\/p>\n<p>El a amintit c\u0103 Moscova a men\u0163ionat posibilitatea \u00eembun\u0103t\u0103\u021birii rela\u021biilor cu NATO \u00een urm\u0103torii doi ani \u0219i s-a pronun\u0163at pentru revenirea la dialog \u00een cadrul Consiliului Rusia-NATO.<\/p>\n<p>\u201eDeclara\u021bia p\u0103r\u021bii ruse\u0219ti este de natura unui mesaj politic, adic\u0103 suntem preg\u0103ti\u021bi pentru interac\u021biune. E greu s\u0103 spunem ce va r\u0103spunde Occidentul la propunerea noastre, deoarece \u00ee\u0219i men\u021bine constant cursul spre confruntarea cu Rusia\u201d, a subliniat Sokolov.<\/p>\n<p>Sursa:<\/p>\n<p><a href=\"http:\/\/www.infotag.md\/rebelion-ro\/252319\/\">http:\/\/www.infotag.md\/rebelion-ro\/252319\/<\/a><\/p>\n","protected":false},"excerpt":{"rendered":"<p>Expertul rus, membrul corespondent al Academiei Ruse a \u015etiin\u0163elor Naturale, Konstantin Sokolov, consider\u0103 c\u0103 \u201eMoldova \u015fi Ucraina \u00eencearc\u0103 s\u0103 tensioneze situa\u0163ia \u00een Transnistria nu din proprie ini\u0163iativ\u0103, ci la indica\u0163ia Occidentului\u201d. Potrivit agen\u0163iei INFOTAG, despre aceasta el a declarat \u00eentr-un interviu pentru publica\u0163ia german\u0103 Deutsche Welle. Potrivit lui, tensiunea \u00een Transnistria cre\u015fte \u00een paralel cu&#8230;<\/p>\n","protected":false},"author":2,"featured_media":0,"comment_status":"closed","ping_status":"open","sticky":false,"template":"","format":"standard","meta":[],"categories":[1],"tags":[],"_links":{"self":[{"href":"https:\/\/centers.ulbsibiu.ro\/ccsprise\/lact\/wp-json\/wp\/v2\/posts\/3438"}],"collection":[{"href":"https:\/\/centers.ulbsibiu.ro\/ccsprise\/lact\/wp-json\/wp\/v2\/posts"}],"about":[{"href":"https:\/\/centers.ulbsibiu.ro\/ccsprise\/lact\/wp-json\/wp\/v2\/types\/post"}],"author":[{"embeddable":true,"href":"https:\/\/centers.ulbsibiu.ro\/ccsprise\/lact\/wp-json\/wp\/v2\/users\/2"}],"replies":[{"embeddable":true,"href":"https:\/\/centers.ulbsibiu.ro\/ccsprise\/lact\/wp-json\/wp\/v2\/comments?post=3438"}],"version-history":[{"count":1,"href":"https:\/\/centers.ulbsibiu.ro\/ccsprise\/lact\/wp-json\/wp\/v2\/posts\/3438\/revisions"}],"predecessor-version":[{"id":3439,"href":"https:\/\/centers.ulbsibiu.ro\/ccsprise\/lact\/wp-json\/wp\/v2\/posts\/3438\/revisions\/3439"}],"wp:attachment":[{"href":"https:\/\/centers.ulbsibiu.ro\/ccsprise\/lact\/wp-json\/wp\/v2\/media?parent=3438"}],"wp:term":[{"taxonomy":"category","embeddable":true,"href":"https:\/\/centers.ulbsibiu.ro\/ccsprise\/lact\/wp-json\/wp\/v2\/categories?post=3438"},{"taxonomy":"post_tag","embeddable":true,"href":"https:\/\/centers.ulbsibiu.ro\/ccsprise\/lact\/wp-json\/wp\/v2\/tags?post=3438"}],"curies":[{"name":"wp","href":"https:\/\/api.w.org\/{rel}","templated":true}]}}