{"id":3435,"date":"2017-09-17T18:48:31","date_gmt":"2017-09-17T16:48:31","guid":{"rendered":"https:\/\/centers.ulbsibiu.ro\/ccsprise\/lact\/?p=3435"},"modified":"2017-09-17T18:49:24","modified_gmt":"2017-09-17T16:49:24","slug":"17-09-2017-autoritatile-transnistrene-au-renuntat-la-ideea-de-a-reduce-cu-o-treime-impozitul-pe-veniturile-organizatiilor","status":"publish","type":"post","link":"https:\/\/centers.ulbsibiu.ro\/ccsprise\/lact\/17-09-2017-autoritatile-transnistrene-au-renuntat-la-ideea-de-a-reduce-cu-o-treime-impozitul-pe-veniturile-organizatiilor\/","title":{"rendered":"17.09.2017: AUTORIT\u0102\u0162ILE TRANSNISTRENE AU RENUN\u0162AT LA IDEEA DE A REDUCE CU O TREIME IMPOZITUL PE VENITURILE ORGANIZA\u0162IILOR"},"content":{"rendered":"<p>Guvernul autoproclamatei RMN a retras din Sovietul Suprem proiectul de lege ce prevede reducerea cu o treime a impozitului pe veniturile organiza\u0163iilor.<\/p>\n<p>Potrivit agen\u0163iei INFOTAG, s\u0103pt\u0103m\u00e2na trecut\u0103, guvernul transnistrean a aprobat \u00een \u015fedin\u0163\u0103 proiectul Ministerului Dezvolt\u0103rii Economice privind crearea unor condi\u0163ii preferen\u0163iale fiscale maxime pentru dezvoltarea \u00eentreprinderilor din domeniul industrial \u2013 din industria constructoare de ma\u015fini, construc\u0163ii, industria u\u015foar\u0103, consider\u00e2nd c\u0103 povara fiscal\u0103 \u00een Transnistria este extrem de mare.<\/p>\n<p>Ministrul Serghei Obolonik a spus c\u0103 proiectul de lege a fost coordonat mai \u00eent\u00e2i cu mediul de afaceri \u015fi c\u0103 a primit sus\u0163inerea acestuia.<\/p>\n<p>El a recunoscut \u00eens\u0103 c\u0103 realizarea proiectului de lege ar putea atrage dup\u0103 sine un deficit de fonduri \u00een buget, \u00een limitele de 27 de milioane de ruble, dar \u201eacest efect negativ ar putea fi nivelat, deoarece, pe m\u0103sura activiz\u0103rii \u00eentreprinderilor, se prognozeaz\u0103 extinderea at\u00e2t a bazei de impozitare, c\u00e2t \u0219i a veniturilor fiscale\u201d.<\/p>\n<p>Prim-ministrul Alexandr Mart\u00eenov a calificat proiectul drept unul \u00eendr\u0103zne\u021b \u0219i necesar, exprim\u00e2ndu-\u0219i speran\u021ba c\u0103 acesta \u201eva permite agen\u0163ilor economici s\u0103 se dezvolte \u015fi s\u0103 ob\u021bin\u0103 rezultate financiare pozitive, va face posibil\u0103 redistribuirea mijloacelor libere \u0219i investirea acestora \u00een dezvoltarea companiei. Iar acest fapt va contribui \u00een continuare la crearea locurilor de munc\u0103 suplimentare\u201d.<\/p>\n<p>La \u00eenceputul acestei s\u0103pt\u0103m\u00e2ni, \u015fi Comisia parlamentar\u0103 pentru politic\u0103 economic\u0103, buget \u0219i finan\u021be a aprobat documentul.<\/p>\n<p>\u201ePe timp de criz\u0103, produc\u0103torii autohtoni, \u00een special cei care se orienteaz\u0103 spre export, trebuie s\u0103 fie sprijini\u021bi prin reducerea impozitului pe venituri. Decizia este determinat\u0103 de faptul c\u0103 \u00eentreprinderile noastre nu sunt \u00een m\u0103sur\u0103 s\u0103 concureze pe pie\u021bele externe la stabilirea pre\u021burilor. Din acest motiv, multe dintre ele reduc volumul produc\u021biei \u015fi locurile de munc\u0103. Diminuarea poverii fiscale asupra sectorului economiei va permite corectarea costului de produc\u021bie \u015fi a pre\u021burilor de v\u00e2nzare pe pie\u021bele externe, cre\u0219terea activelor circulante ale produc\u0103torilor \u015fi a num\u0103rului de locuri de munc\u0103. Toate acestea, \u00een cele din urm\u0103, va duce la o cre\u0219tere a colect\u0103rii de impozite\u201d, a spus pre\u0219edintele comisiei, Alexandr Kor\u015funov.<\/p>\n<p>Cu toate acestea, la \u015fedin\u0163a plenar\u0103 a Sovietului Suprem, guvernul nu a putut r\u0103spunde la \u00eentreb\u0103rile legitime ale deputa\u021bilor cum anume va fi compensat\u0103 reducerea veniturilor bugetare din cauza mic\u015for\u0103rii poverii fiscale.<\/p>\n<p>\u201eF\u0103r\u0103 o surs\u0103 de acoperire a costurilor, nu putem lua decizia de a reduce impozitul, de aceea, documentul a fost \u00een cele din urm\u0103 retras din examinare \u015fi retras de c\u0103tre guvern\u201d, a declarat vicepremierul Stanislav Casap.<\/p>\n<p>Sursa:<\/p>\n<p><a href=\"http:\/\/www.infotag.md\/rebelion-ro\/252265\/\">http:\/\/www.infotag.md\/rebelion-ro\/252265\/<\/a><\/p>\n","protected":false},"excerpt":{"rendered":"<p>Guvernul autoproclamatei RMN a retras din Sovietul Suprem proiectul de lege ce prevede reducerea cu o treime a impozitului pe veniturile organiza\u0163iilor. Potrivit agen\u0163iei INFOTAG, s\u0103pt\u0103m\u00e2na trecut\u0103, guvernul transnistrean a aprobat \u00een \u015fedin\u0163\u0103 proiectul Ministerului Dezvolt\u0103rii Economice privind crearea unor condi\u0163ii preferen\u0163iale fiscale maxime pentru dezvoltarea \u00eentreprinderilor din domeniul industrial \u2013 din industria constructoare de&#8230;<\/p>\n","protected":false},"author":2,"featured_media":0,"comment_status":"closed","ping_status":"open","sticky":false,"template":"","format":"standard","meta":[],"categories":[1],"tags":[],"_links":{"self":[{"href":"https:\/\/centers.ulbsibiu.ro\/ccsprise\/lact\/wp-json\/wp\/v2\/posts\/3435"}],"collection":[{"href":"https:\/\/centers.ulbsibiu.ro\/ccsprise\/lact\/wp-json\/wp\/v2\/posts"}],"about":[{"href":"https:\/\/centers.ulbsibiu.ro\/ccsprise\/lact\/wp-json\/wp\/v2\/types\/post"}],"author":[{"embeddable":true,"href":"https:\/\/centers.ulbsibiu.ro\/ccsprise\/lact\/wp-json\/wp\/v2\/users\/2"}],"replies":[{"embeddable":true,"href":"https:\/\/centers.ulbsibiu.ro\/ccsprise\/lact\/wp-json\/wp\/v2\/comments?post=3435"}],"version-history":[{"count":2,"href":"https:\/\/centers.ulbsibiu.ro\/ccsprise\/lact\/wp-json\/wp\/v2\/posts\/3435\/revisions"}],"predecessor-version":[{"id":3437,"href":"https:\/\/centers.ulbsibiu.ro\/ccsprise\/lact\/wp-json\/wp\/v2\/posts\/3435\/revisions\/3437"}],"wp:attachment":[{"href":"https:\/\/centers.ulbsibiu.ro\/ccsprise\/lact\/wp-json\/wp\/v2\/media?parent=3435"}],"wp:term":[{"taxonomy":"category","embeddable":true,"href":"https:\/\/centers.ulbsibiu.ro\/ccsprise\/lact\/wp-json\/wp\/v2\/categories?post=3435"},{"taxonomy":"post_tag","embeddable":true,"href":"https:\/\/centers.ulbsibiu.ro\/ccsprise\/lact\/wp-json\/wp\/v2\/tags?post=3435"}],"curies":[{"name":"wp","href":"https:\/\/api.w.org\/{rel}","templated":true}]}}