{"id":3433,"date":"2017-09-13T19:58:18","date_gmt":"2017-09-13T17:58:18","guid":{"rendered":"https:\/\/centers.ulbsibiu.ro\/ccsprise\/lact\/?p=3433"},"modified":"2017-09-13T19:58:18","modified_gmt":"2017-09-13T17:58:18","slug":"13-09-2017-igor-dodon-transnistria-nu-are-alta-solutie-decat-intrarea-in-componenta-moldovei","status":"publish","type":"post","link":"https:\/\/centers.ulbsibiu.ro\/ccsprise\/lact\/13-09-2017-igor-dodon-transnistria-nu-are-alta-solutie-decat-intrarea-in-componenta-moldovei\/","title":{"rendered":"13.09.2017: IGOR DODON: TRANSNISTRIA NU ARE ALT\u0102 SOLU\u0162IE DEC\u00c2T INTRAREA \u00ceN COMPONEN\u0162A MOLDOVEI"},"content":{"rendered":"<p>Pre\u015fedintele Igor Dodon consider\u0103 c\u0103 Transnistria nu are alt\u0103 solu\u0163ie dec\u00e2t intrarea \u00een componen\u0163a Moldovei. Potrivit agen\u0163iei INFOTAG, o declara\u0163ie \u00een acest sens el a f\u0103cut \u00eentr-un interviu pentru publica\u0163ia rus\u0103 \u201eArgument\u00ee i fact\u00ee\u201d.<\/p>\n<p>\u201eUnii politicieni \u0219i lideri de pe malul st\u00e2ng nu \u00een\u021beleg deocamdat\u0103 acest lucru \u2013 spun c\u0103 vor nici m\u0103car s\u0103 vorbeasc\u0103 cu Chi\u0219in\u0103ul, vor doar independen\u021b\u0103. S\u0103 nu se supere, dar Transnistria are dou\u0103 op\u021biuni: fie \u00een componen\u0163a Ucrainei, ca parte a regiunii Odesa, f\u0103r\u0103 niciun drept, f\u0103r\u0103 autonomie, pe care nimeni nu le-o va da. Fie un loc demn, \u00een cadrul unei singure Moldova, iar eu vorbesc \u00een mod deschis despre federalizare cu p\u0103strarea a tot ceea ce au ei acum. Acest lucru este necesar pentru ei \u0219i pentru noi, pentru c\u0103 va fi o garan\u021bie suplimentar\u0103 c\u0103 nu vom pierde statalitatea\u201d, a declarat Dodon.<\/p>\n<p>Potrivit lui, \u201epentru Transnistria acest lucru este important \u015fi pentru c\u0103 ei vor ie\u015fit din aceast\u0103 situa\u021bie ciudat\u0103 \u00een care se afl\u0103 acum\u201d.<\/p>\n<p>\u201eAceast\u0103 situa\u021bie nu poate dura mult timp, nu va exista un stat independent \u00eentre Ucraina \u0219i Moldova, nimeni nu \u00eel va recunoa\u0219te. S\u0103 deven\u0103 o parte a Federa\u021biei Ruse, ca \u0219i regiunea Kaliningrad, de asemenea, nu vor reu\u015fi. \u0218i cu c\u00e2t fra\u021bii no\u0219tri din st\u00e2nga Nistrului vor \u00een\u021belege acest lucru mai repede, cu at\u00e2t va fi mai bine. \u00cen\u021beleg temerile lor \u00een contextul a ceea ce face ast\u0103zi majoritatea parlamentar\u0103 antirus\u0103 \u0219i guvernul Moldovei, dar sarcina noastr\u0103 este s\u0103 elimin\u0103m toate acestea. La urma urmei, nu avem probleme care exist\u0103 \u00een alte conflicte, religioase sau etnice, avem deja multe lucruri \u00een comun\u201d, a spus Pre\u0219edintele.<\/p>\n<p>El a subliniat c\u0103 solu\u021bionarea conflictului transnistrean este \u201eprincipala sarcin\u0103 strategic\u0103\u201d, men\u021bion\u00e2nd c\u0103 acest lucru ar trebui s\u0103 se \u00eent\u00e2mple \u00een anii 2019-2020.<\/p>\n<p>Sursa:<\/p>\n<p><a href=\"http:\/\/www.infotag.md\/rebelion-ro\/252132\/\">http:\/\/www.infotag.md\/rebelion-ro\/252132\/<\/a><\/p>\n","protected":false},"excerpt":{"rendered":"<p>Pre\u015fedintele Igor Dodon consider\u0103 c\u0103 Transnistria nu are alt\u0103 solu\u0163ie dec\u00e2t intrarea \u00een componen\u0163a Moldovei. Potrivit agen\u0163iei INFOTAG, o declara\u0163ie \u00een acest sens el a f\u0103cut \u00eentr-un interviu pentru publica\u0163ia rus\u0103 \u201eArgument\u00ee i fact\u00ee\u201d. \u201eUnii politicieni \u0219i lideri de pe malul st\u00e2ng nu \u00een\u021beleg deocamdat\u0103 acest lucru \u2013 spun c\u0103 vor nici m\u0103car s\u0103 vorbeasc\u0103&#8230;<\/p>\n","protected":false},"author":2,"featured_media":0,"comment_status":"closed","ping_status":"open","sticky":false,"template":"","format":"standard","meta":[],"categories":[1],"tags":[],"_links":{"self":[{"href":"https:\/\/centers.ulbsibiu.ro\/ccsprise\/lact\/wp-json\/wp\/v2\/posts\/3433"}],"collection":[{"href":"https:\/\/centers.ulbsibiu.ro\/ccsprise\/lact\/wp-json\/wp\/v2\/posts"}],"about":[{"href":"https:\/\/centers.ulbsibiu.ro\/ccsprise\/lact\/wp-json\/wp\/v2\/types\/post"}],"author":[{"embeddable":true,"href":"https:\/\/centers.ulbsibiu.ro\/ccsprise\/lact\/wp-json\/wp\/v2\/users\/2"}],"replies":[{"embeddable":true,"href":"https:\/\/centers.ulbsibiu.ro\/ccsprise\/lact\/wp-json\/wp\/v2\/comments?post=3433"}],"version-history":[{"count":1,"href":"https:\/\/centers.ulbsibiu.ro\/ccsprise\/lact\/wp-json\/wp\/v2\/posts\/3433\/revisions"}],"predecessor-version":[{"id":3434,"href":"https:\/\/centers.ulbsibiu.ro\/ccsprise\/lact\/wp-json\/wp\/v2\/posts\/3433\/revisions\/3434"}],"wp:attachment":[{"href":"https:\/\/centers.ulbsibiu.ro\/ccsprise\/lact\/wp-json\/wp\/v2\/media?parent=3433"}],"wp:term":[{"taxonomy":"category","embeddable":true,"href":"https:\/\/centers.ulbsibiu.ro\/ccsprise\/lact\/wp-json\/wp\/v2\/categories?post=3433"},{"taxonomy":"post_tag","embeddable":true,"href":"https:\/\/centers.ulbsibiu.ro\/ccsprise\/lact\/wp-json\/wp\/v2\/tags?post=3433"}],"curies":[{"name":"wp","href":"https:\/\/api.w.org\/{rel}","templated":true}]}}