{"id":3426,"date":"2017-09-11T15:06:38","date_gmt":"2017-09-11T13:06:38","guid":{"rendered":"https:\/\/centers.ulbsibiu.ro\/ccsprise\/lact\/?p=3426"},"modified":"2017-09-11T15:07:29","modified_gmt":"2017-09-11T13:07:29","slug":"15-09-2017-krasnoselski-pentru-ca-autoritatile-de-la-chisinau-sa-discute-cu-tiraspolul-trebuie-mai-intai-sa-modifice-constitutia-r-moldova-inclusiv-legislatia-cu-privire-la-limba-romana","status":"publish","type":"post","link":"https:\/\/centers.ulbsibiu.ro\/ccsprise\/lact\/15-09-2017-krasnoselski-pentru-ca-autoritatile-de-la-chisinau-sa-discute-cu-tiraspolul-trebuie-mai-intai-sa-modifice-constitutia-r-moldova-inclusiv-legislatia-cu-privire-la-limba-romana\/","title":{"rendered":"11.09.2017: Krasnoselski: Pentru ca autorit\u0103\u021bile de la Chi\u0219in\u0103u s\u0103 discute cu Tiraspolul, trebuie mai \u00eent\u00e2i s\u0103 MODIFICE Constitu\u021bia R. Moldova, inclusiv legisla\u021bia cu privire la limba rom\u00e2n\u0103"},"content":{"rendered":"<p>R. Moldova nu ar fi gata pentru un dialog politic cu Tiraspolul, crede liderul separatist al Transnistriei, Vadim Krasnoselski.<\/p>\n<p>\u201ePentru ca voi (politicienii de la Chi\u0219in\u0103u &#8211; n.r.) s\u0103 fi\u021bi preg\u0103ti\u021bi pentru un dialog politic, trebuie s\u0103 v\u0103 schimba\u021bi Constitu\u021bia, legile s\u0103 le schimba\u021bi, s\u0103 recunoa\u0219te\u021bi rusa \u0219i ucraineana drept limbi de stat, la acela\u0219i nivel cu limba rom\u00e2n\u0103\u201d, a declarat Krasnoselski \u00een cadrul unei emisiuni recente de la un post local de televiziune, citat de <a href=\"https:\/\/novostipmr.com\/ru\/news\/17-09-09\/vadim-krasnoselskiy-moldova-ne-gotova-k-politicheskomu-dialogu\" target=\"_blank\">novostipmr.com<\/a>.<\/p>\n<p>Krasnoselski le-a cerut politicienilor de la Chi\u0219in\u0103u s\u0103 renun\u021be \u201ela sloganuri puternice\u201d, cum ar fi cel privind reintegrarea R. Moldova, \u0219i s\u0103 se angajeze \u00een \u201eproiecte reale\u201d de care depinde via\u021ba oamenilor obi\u0219nui\u021bi.<\/p>\n<p><ins class=\"adsbygoogle\" data-ad-layout=\"in-article\" data-ad-format=\"fluid\" data-ad-client=\"ca-pub-8819619377572069\" data-ad-slot=\"1828436003\"><\/ins> \u201eE vorba de proiecte economice, umanitare, culturale. Suntem gata s\u0103 cooper\u0103m cu Moldova, Ucraina \u0219i cu alte state. \u0218i poate c\u0103 punerea \u00een aplicare a acestor proiecte ne va permite s\u0103 \u0219lefuim unele rela\u021bii. Dar ei nu ne aud\u201d, a mai spus liderul separatist, acuz\u00e2nd Chi\u0219in\u0103ul c\u0103 ar vrea s\u0103 vad\u0103 Transnistria \u201ela p\u0103m\u00e2nt\u201d din punct de vedere economic.<\/p>\n<p>Krasnoselski s-a mai pl\u00e2ns \u00een aceea\u0219i emisiune c\u0103 Transnistria ar fi f\u0103cut, \u00een ultimele luni, \u201ecinci pa\u0219i\u201d \u00een \u00eent\u00e2mpinarea R. Moldova \u00een diverse domenii, iar drept rezultat au ap\u0103rut posturile comune moldo-ucrainene pe segmentul transnistrean al frontierei, Curtea Constitu\u021bional\u0103 de la Chi\u0219in\u0103u a recunoscut teritoriul Transnistriei ca fiind ocupat de trupe militare ruse\u0219ti, iar acum se cere retragerea acestora de pe teritoriul R. Moldova.<\/p>\n<p>Liderul separatist a mai anun\u021bat c\u0103 Transnistria se va adresa la ONU cu solicitarea ca regiunea s\u0103 ob\u021bin\u0103 \u201estatut de observator\u201d la aceast\u0103 organiza\u021bie.<\/p>\n<p>Sursa:<\/p>\n<p><a href=\"http:\/\/www.ziarulnational.md\/scandalos-krasnoselski-pentru-ca-autoritatile-de-la-chisinau-sa-discute-cu-tiraspolul-trebuie-mai-intai-sa-modifice-constitutia-r-moldova-inclusiv-legislatia-cu-pivire-la-limba-romana\/\">http:\/\/www.ziarulnational.md\/scandalos-krasnoselski-pentru-ca-autoritatile-de-la-chisinau-sa-discute-cu-tiraspolul-trebuie-mai-intai-sa-modifice-constitutia-r-moldova-inclusiv-legislatia-cu-pivire-la-limba-romana\/<\/a><\/p>\n","protected":false},"excerpt":{"rendered":"<p>R. Moldova nu ar fi gata pentru un dialog politic cu Tiraspolul, crede liderul separatist al Transnistriei, Vadim Krasnoselski. \u201ePentru ca voi (politicienii de la Chi\u0219in\u0103u &#8211; n.r.) s\u0103 fi\u021bi preg\u0103ti\u021bi pentru un dialog politic, trebuie s\u0103 v\u0103 schimba\u021bi Constitu\u021bia, legile s\u0103 le schimba\u021bi, s\u0103 recunoa\u0219te\u021bi rusa \u0219i ucraineana drept limbi de stat, la acela\u0219i&#8230;<\/p>\n","protected":false},"author":2,"featured_media":0,"comment_status":"closed","ping_status":"open","sticky":false,"template":"","format":"standard","meta":[],"categories":[1],"tags":[],"_links":{"self":[{"href":"https:\/\/centers.ulbsibiu.ro\/ccsprise\/lact\/wp-json\/wp\/v2\/posts\/3426"}],"collection":[{"href":"https:\/\/centers.ulbsibiu.ro\/ccsprise\/lact\/wp-json\/wp\/v2\/posts"}],"about":[{"href":"https:\/\/centers.ulbsibiu.ro\/ccsprise\/lact\/wp-json\/wp\/v2\/types\/post"}],"author":[{"embeddable":true,"href":"https:\/\/centers.ulbsibiu.ro\/ccsprise\/lact\/wp-json\/wp\/v2\/users\/2"}],"replies":[{"embeddable":true,"href":"https:\/\/centers.ulbsibiu.ro\/ccsprise\/lact\/wp-json\/wp\/v2\/comments?post=3426"}],"version-history":[{"count":2,"href":"https:\/\/centers.ulbsibiu.ro\/ccsprise\/lact\/wp-json\/wp\/v2\/posts\/3426\/revisions"}],"predecessor-version":[{"id":3428,"href":"https:\/\/centers.ulbsibiu.ro\/ccsprise\/lact\/wp-json\/wp\/v2\/posts\/3426\/revisions\/3428"}],"wp:attachment":[{"href":"https:\/\/centers.ulbsibiu.ro\/ccsprise\/lact\/wp-json\/wp\/v2\/media?parent=3426"}],"wp:term":[{"taxonomy":"category","embeddable":true,"href":"https:\/\/centers.ulbsibiu.ro\/ccsprise\/lact\/wp-json\/wp\/v2\/categories?post=3426"},{"taxonomy":"post_tag","embeddable":true,"href":"https:\/\/centers.ulbsibiu.ro\/ccsprise\/lact\/wp-json\/wp\/v2\/tags?post=3426"}],"curies":[{"name":"wp","href":"https:\/\/api.w.org\/{rel}","templated":true}]}}