{"id":3421,"date":"2017-09-08T21:10:17","date_gmt":"2017-09-08T19:10:17","guid":{"rendered":"https:\/\/centers.ulbsibiu.ro\/ccsprise\/lact\/?p=3421"},"modified":"2017-09-08T21:11:11","modified_gmt":"2017-09-08T19:11:11","slug":"08-09-2017-accesul-masinilor-cu-numere-de-inmatriculare-transnistrene-ar-putea-fi-interzis-in-ucraina-vor-putea-circula-doar-in-r-moldova","status":"publish","type":"post","link":"https:\/\/centers.ulbsibiu.ro\/ccsprise\/lact\/08-09-2017-accesul-masinilor-cu-numere-de-inmatriculare-transnistrene-ar-putea-fi-interzis-in-ucraina-vor-putea-circula-doar-in-r-moldova\/","title":{"rendered":"08.09.2017: Accesul ma\u0219inilor cu numere de \u00eenmatriculare transnistrene ar putea fi INTERZIS \u00een Ucraina: \u201eVor putea circula doar \u00een R. Moldova\u201d"},"content":{"rendered":"<p>Accesul ma\u0219inilor cu numere de \u00eenmatriculare transnistrene ar putea fi interzis \u00een viitorul apropiat pe teritoriul statelor semnatare ale Conven\u021biei de la Viena privind traficul rutier, iar semnale clare \u00een acest sens ar fi transmis deja Ucraina.<\/p>\n<p>\u201eEle (automobilele din Transnistria &#8211; n.r.) circul\u0103 acum \u00een str\u0103in\u0103tate cu \u00eenc\u0103lcarea Conven\u021biei de la Viena privind traficul rutier. Acum sunt identificate solu\u021bii pentru \u00eenregistrarea acestora la \u201eRegistru\u201d, ca s\u0103 ob\u021bin\u0103 numere de \u00eenmatriculare ale R. Moldova. Exist\u0103 semnale c\u0103 automobilele cu numere de \u00eenmatriculare transnistrene vor circula \u00een viitorul apropiat doar \u00een R. Moldova\u201d, a declarat ast\u0103zi, \u00eentr-un briefing de pres\u0103, viceministrul Reintegr\u0103rii, Ghoerghe Balan.<\/p>\n<p>Potrivit oficialului, Ucraina a anunat deja c\u0103 va interzice accesul acestor ma\u0219ini pe teritoriul s\u0103u.<\/p>\n<p><ins class=\"adsbygoogle\" data-ad-layout=\"in-article\" data-ad-format=\"fluid\" data-ad-client=\"ca-pub-8819619377572069\" data-ad-slot=\"1828436003\"><\/ins> Gheorghe Balan a mai declarat c\u0103, dup\u0103 \u00eentrevederea pe care a avut-o azi cu reprezentantul politic al regiunii separatise, Vitalie Ignatiev, \u0219i cu reprezentantul special al OSCE pentru procesul de reglementare transnistrean\u0103, Wolf Dietrich Heim, s-a stabilit c\u0103 exist\u0103 solu\u021bii pentru interconectarea telefonic\u0103 a celor dou\u0103 maluri ale Nistrului, a asigura accesul la terenurile arabile de dup\u0103 traseul Tiraspol-Dub\u0103sari pentru proprietari, dar \u0219i pentru retrocedearea sediilor pentru \u0219colile cu predare \u00een limba rom\u00e2n\u0103 din st\u00e2nga Nistrului.<\/p>\n<p>\u00cen ce prive\u0219te interconectarea telefoniei, agentul economic de la Tiraspol trebuie s\u0103 se \u00eenregistreze \u0219i s\u0103 primeasc\u0103 licen\u021ba necesar\u0103 de la autorit\u0103\u021bile din Chi\u0219in\u0103u.<\/p>\n<p>Dup\u0103 realizarea acestor lucruri, va urma o nou\u0103 rund\u0103 de negocieri \u00een formatul 5+2, \u00een cadrul c\u0103reia vor fi abordate \u0219i alte subiecte din a\u0219a-numitul pachet \u201eBerlin+\u201d, precum interconectarea re\u021belelor de cale ferat\u0103 cu Transnistria, evacuarea unor substan\u021be toxice din st\u00e2nga Nistrului etc.<\/p>\n<p>Sursa:<\/p>\n<p><a href=\"http:\/\/www.ziarulnational.md\/accesul-masinilor-cu-numere-de-inmatriculare-transnistrene-ar-putea-fi-interzis-in-ucraina-vor-putea-circula-doar-in-r-moldova\/\">http:\/\/www.ziarulnational.md\/accesul-masinilor-cu-numere-de-inmatriculare-transnistrene-ar-putea-fi-interzis-in-ucraina-vor-putea-circula-doar-in-r-moldova\/<\/a><\/p>\n","protected":false},"excerpt":{"rendered":"<p>Accesul ma\u0219inilor cu numere de \u00eenmatriculare transnistrene ar putea fi interzis \u00een viitorul apropiat pe teritoriul statelor semnatare ale Conven\u021biei de la Viena privind traficul rutier, iar semnale clare \u00een acest sens ar fi transmis deja Ucraina. \u201eEle (automobilele din Transnistria &#8211; n.r.) circul\u0103 acum \u00een str\u0103in\u0103tate cu \u00eenc\u0103lcarea Conven\u021biei de la Viena privind traficul&#8230;<\/p>\n","protected":false},"author":2,"featured_media":0,"comment_status":"closed","ping_status":"open","sticky":false,"template":"","format":"standard","meta":[],"categories":[1],"tags":[],"_links":{"self":[{"href":"https:\/\/centers.ulbsibiu.ro\/ccsprise\/lact\/wp-json\/wp\/v2\/posts\/3421"}],"collection":[{"href":"https:\/\/centers.ulbsibiu.ro\/ccsprise\/lact\/wp-json\/wp\/v2\/posts"}],"about":[{"href":"https:\/\/centers.ulbsibiu.ro\/ccsprise\/lact\/wp-json\/wp\/v2\/types\/post"}],"author":[{"embeddable":true,"href":"https:\/\/centers.ulbsibiu.ro\/ccsprise\/lact\/wp-json\/wp\/v2\/users\/2"}],"replies":[{"embeddable":true,"href":"https:\/\/centers.ulbsibiu.ro\/ccsprise\/lact\/wp-json\/wp\/v2\/comments?post=3421"}],"version-history":[{"count":2,"href":"https:\/\/centers.ulbsibiu.ro\/ccsprise\/lact\/wp-json\/wp\/v2\/posts\/3421\/revisions"}],"predecessor-version":[{"id":3423,"href":"https:\/\/centers.ulbsibiu.ro\/ccsprise\/lact\/wp-json\/wp\/v2\/posts\/3421\/revisions\/3423"}],"wp:attachment":[{"href":"https:\/\/centers.ulbsibiu.ro\/ccsprise\/lact\/wp-json\/wp\/v2\/media?parent=3421"}],"wp:term":[{"taxonomy":"category","embeddable":true,"href":"https:\/\/centers.ulbsibiu.ro\/ccsprise\/lact\/wp-json\/wp\/v2\/categories?post=3421"},{"taxonomy":"post_tag","embeddable":true,"href":"https:\/\/centers.ulbsibiu.ro\/ccsprise\/lact\/wp-json\/wp\/v2\/tags?post=3421"}],"curies":[{"name":"wp","href":"https:\/\/api.w.org\/{rel}","templated":true}]}}