{"id":3419,"date":"2017-09-07T19:58:34","date_gmt":"2017-09-07T17:58:34","guid":{"rendered":"https:\/\/centers.ulbsibiu.ro\/ccsprise\/lact\/?p=3419"},"modified":"2017-09-07T19:58:34","modified_gmt":"2017-09-07T17:58:34","slug":"07-09-2017-la-bender-a-avut-loc-sedinta-grupurilor-de-lucru-pentru-dezvoltarea-transportului-auto-si-infrastructurii-drumurilor","status":"publish","type":"post","link":"https:\/\/centers.ulbsibiu.ro\/ccsprise\/lact\/07-09-2017-la-bender-a-avut-loc-sedinta-grupurilor-de-lucru-pentru-dezvoltarea-transportului-auto-si-infrastructurii-drumurilor\/","title":{"rendered":"07.09.2017: La Bender a avut loc \u015fedin\u0163a grupurilor de lucru pentru dezvoltarea transportului auto \u0219i infrastructurii drumurilor"},"content":{"rendered":"<p>La 06 septembrie curent, la sediul Misiunii OSCE din or. Bender a avut loc \u015fedin\u0163a grupurilor <span class=\"highlightNode\">de<\/span> lucru pentru dezvoltarea transportului auto \u0219i infrastructurii drumurilor, cu participarea reprezentan\u0163ilor participan\u0163ilor din cadrul formatului <span class=\"highlightNode\">de<\/span> negocieri \u201e5+2\u201d.<\/p>\n<p>\u00cen cadrul \u0219edin\u021bei au continuat discu\u0163iile pe marginea subiectului privind asigurarea particip\u0103rii <span class=\"text_exposed_hide\">&#8230;<\/span><span class=\"text_exposed_show\">autovehiculelor din regiunea transnistrean\u0103 \u00een traficul rutier interna\u021bional.<\/span><\/p>\n<div class=\"text_exposed_show\">\n<p>Partea moldoveneasc\u0103 a reiterat c\u0103 \u00een vederea admiterii \u00een circula\u021bia rutier\u0103 interna\u021bional\u0103 a acestor mijloace <span class=\"highlightNode\">de<\/span> transport este necesar\u0103 \u00eenregistrarea lor la subdiviziunile teritoriale ale organelor competente ale Republicii Moldova, iar pentru a facilita procesul, locuitorilor din st\u00e2nga Nistrului \u015fi din mun.Bender li se va oferi posibilitatea <span class=\"highlightNode\">de<\/span> a beneficia <span class=\"highlightNode\">de<\/span> o procedur\u0103 simplificat\u0103 <span class=\"highlightNode\">de<\/span> \u00eenmatriculare, cu aplicarea unor scutiri la plata accizelor, \u015fi, totodat\u0103, se va trece la armonizarea cotelor <span class=\"highlightNode\">de<\/span> acciz la introducerea acestor unit\u0103\u0163i pe teritoriul \u0163\u0103rii.<\/p>\n<p>Partea transnistrean\u0103 a insistat ca \u00eenregistrarea automobilelor s\u0103 fie efectuat\u0103 \u00een baza pa\u0219apoartelor str\u0103ine recunoscute <span class=\"highlightNode\">de<\/span> Republica Moldova, iar certificatele <span class=\"highlightNode\">de<\/span> \u00eenmatriculare s\u0103 fie eliberate <span class=\"highlightNode\">de<\/span> c\u0103tre a.n. structuri din regiune. Propunerea nu a fost acceptat\u0103 <span class=\"highlightNode\">de<\/span> c\u0103tre exper\u0163ii <span class=\"highlightNode\">de<\/span> la Chi\u0219in\u0103u, care au men\u021bionat c\u0103 procedurile <span class=\"highlightNode\">de<\/span> acest gen trebuie s\u0103 fie uniforme, clare \u015fi similare pentru to\u0163i posesorii \u015fi conduc\u0103torii auto din Republica Moldova.<\/p>\n<p>Adi\u0163ional, partea moldoveneasc\u0103 a atras aten\u021bia asupra faptului c\u0103 \u00een conformitate cu prevederile Conven\u021biei <span class=\"highlightNode\">de<\/span> la Viena asupra circula\u021biei rutiere din 08.11.1968 orice parte contractant\u0103 care elibereaz\u0103 certificate <span class=\"highlightNode\">de<\/span> \u00eenmatriculare auto poart\u0103 r\u0103spundere pentru acestea din momentul c\u00e2nd ele se afl\u0103 \u00een traficul interna\u0163ional.<\/p>\n<p>Cu referire la forma pl\u0103cilor auto, partea moldoveneasc\u0103 a reiterat disponibilitatea <span class=\"highlightNode\">de<\/span> a conveni un model neutru al acestora, conform prototipului anterior agreat, inclusiv, fiind posibil\u0103 examinarea op\u0163iunii <span class=\"highlightNode\">de<\/span> confec\u0163ionare a acestora la Tiraspol.<\/p>\n<p>Consult\u0103rile pe acest subiect vor continua \u015fi la \u015fedin\u0163a urm\u0103toare a grupurilor <span class=\"highlightNode\">de<\/span> lucru pentru dezvoltarea transportului auto \u0219i infrastructurii drumurilor, care urmeaz\u0103 a fi convenit\u0103 \u00een regim <span class=\"highlightNode\">de<\/span> lucru.<\/p>\n<p>Sursa:<\/p>\n<p><a href=\"https:\/\/www.facebook.com\/search\/top\/?q=biroul%20politici%20de%20reintegrare\">https:\/\/www.facebook.com\/search\/top\/?q=biroul%20politici%20de%20reintegrare<\/a><\/p>\n<\/div>\n","protected":false},"excerpt":{"rendered":"<p>La 06 septembrie curent, la sediul Misiunii OSCE din or. Bender a avut loc \u015fedin\u0163a grupurilor de lucru pentru dezvoltarea transportului auto \u0219i infrastructurii drumurilor, cu participarea reprezentan\u0163ilor participan\u0163ilor din cadrul formatului de negocieri \u201e5+2\u201d. \u00cen cadrul \u0219edin\u021bei au continuat discu\u0163iile pe marginea subiectului privind asigurarea particip\u0103rii &#8230;autovehiculelor din regiunea transnistrean\u0103 \u00een traficul rutier interna\u021bional&#8230;.<\/p>\n","protected":false},"author":2,"featured_media":0,"comment_status":"closed","ping_status":"open","sticky":false,"template":"","format":"standard","meta":[],"categories":[1],"tags":[],"_links":{"self":[{"href":"https:\/\/centers.ulbsibiu.ro\/ccsprise\/lact\/wp-json\/wp\/v2\/posts\/3419"}],"collection":[{"href":"https:\/\/centers.ulbsibiu.ro\/ccsprise\/lact\/wp-json\/wp\/v2\/posts"}],"about":[{"href":"https:\/\/centers.ulbsibiu.ro\/ccsprise\/lact\/wp-json\/wp\/v2\/types\/post"}],"author":[{"embeddable":true,"href":"https:\/\/centers.ulbsibiu.ro\/ccsprise\/lact\/wp-json\/wp\/v2\/users\/2"}],"replies":[{"embeddable":true,"href":"https:\/\/centers.ulbsibiu.ro\/ccsprise\/lact\/wp-json\/wp\/v2\/comments?post=3419"}],"version-history":[{"count":1,"href":"https:\/\/centers.ulbsibiu.ro\/ccsprise\/lact\/wp-json\/wp\/v2\/posts\/3419\/revisions"}],"predecessor-version":[{"id":3420,"href":"https:\/\/centers.ulbsibiu.ro\/ccsprise\/lact\/wp-json\/wp\/v2\/posts\/3419\/revisions\/3420"}],"wp:attachment":[{"href":"https:\/\/centers.ulbsibiu.ro\/ccsprise\/lact\/wp-json\/wp\/v2\/media?parent=3419"}],"wp:term":[{"taxonomy":"category","embeddable":true,"href":"https:\/\/centers.ulbsibiu.ro\/ccsprise\/lact\/wp-json\/wp\/v2\/categories?post=3419"},{"taxonomy":"post_tag","embeddable":true,"href":"https:\/\/centers.ulbsibiu.ro\/ccsprise\/lact\/wp-json\/wp\/v2\/tags?post=3419"}],"curies":[{"name":"wp","href":"https:\/\/api.w.org\/{rel}","templated":true}]}}