{"id":3416,"date":"2017-09-07T19:52:55","date_gmt":"2017-09-07T17:52:55","guid":{"rendered":"https:\/\/centers.ulbsibiu.ro\/ccsprise\/lact\/?p=3416"},"modified":"2017-09-07T19:53:24","modified_gmt":"2017-09-07T17:53:24","slug":"07-09-2017-comisia-unificata-de-control-si-a-reluat-activitatea","status":"publish","type":"post","link":"https:\/\/centers.ulbsibiu.ro\/ccsprise\/lact\/07-09-2017-comisia-unificata-de-control-si-a-reluat-activitatea\/","title":{"rendered":"07.09.2017: Comisia Unificat\u0103 de Control \u0219i-a reluat activitatea"},"content":{"rendered":"<p>Membrii Comisiei Unificate <span class=\"highlightNode\">de<\/span> Control (CUC) au revenit la masa discu\u0163iilor marc\u00e2nd astfel \u00eenceputul unei noi sesiuni <span class=\"highlightNode\">de<\/span> toamn\u0103-iarn\u0103. \u015eedin\u0163a Comisiei s-a desf\u0103\u015furat \u00een or. Bender, fiind prezidat\u0103 <span class=\"highlightNode\">de<\/span> delega\u0163ia transnistrean\u0103, \u00een cadrul c\u0103reia conform agendei <span class=\"highlightNode\">de<\/span> lucru au fost abordate dou\u0103 subiecte.<\/p>\n<p>\u00cen debutul \u015fedin\u0163ei reprezentan\u0163ii Misiunii OSCE \u00een Republica Moldova au informat despre inten\u0163ia <span class=\"highlightNode\">de<\/span> a vizita posturile for\u0163<span class=\"text_exposed_show\">elor <span class=\"highlightNode\">de<\/span> men\u0163inere a p\u0103cii (FMP) din Zona <span class=\"highlightNode\">de<\/span> Securitate (ZS) \u00een perioada 07 \u2013 30 septembrie 2017 \u015fi Comandamentul Militar \u00centrunit pe 11 \u2013 12 septembrie curent, conform prevederilor pct. 5 din documentul semnat la 10 decembrie 2014 ce stabile\u015fte principiile <span class=\"highlightNode\">de<\/span> colaborare dintre Misiunea OSCE \u015fi Comisia Unificat\u0103 <span class=\"highlightNode\">de<\/span> Control \u00een Zona <span class=\"highlightNode\">de<\/span> Securitate.<\/span><\/p>\n<div class=\"text_exposed_show\">\n<p>Ini\u0163iativa Misiunii OSCE a fost unanim sus\u0163inut\u0103 <span class=\"highlightNode\">de<\/span> c\u0103tre membrii CUC \u015fi comandan\u0163ii militari superiori a FMP.<\/p>\n<p><span class=\"highlightNode\">De<\/span> asemenea, \u00een cadrul \u015fedin\u0163ei a fost audiat \u0219i aprobat un raport s\u0103pt\u0103m\u00e2nal privind situa\u021bia din Zona <span class=\"highlightNode\">de<\/span> Securitate.<\/p>\n<p>Urm\u0103toarea \u0219edin\u021b\u0103 a CUC este preconizat\u0103 pentru 14 septembrie 2017.<\/p>\n<p>Sursa:<\/p>\n<p><a href=\"https:\/\/www.facebook.com\/search\/top\/?q=biroul%20politici%20de%20reintegrare\">https:\/\/www.facebook.com\/search\/top\/?q=biroul%20politici%20de%20reintegrare<\/a><\/p>\n<\/div>\n","protected":false},"excerpt":{"rendered":"<p>Membrii Comisiei Unificate de Control (CUC) au revenit la masa discu\u0163iilor marc\u00e2nd astfel \u00eenceputul unei noi sesiuni de toamn\u0103-iarn\u0103. \u015eedin\u0163a Comisiei s-a desf\u0103\u015furat \u00een or. Bender, fiind prezidat\u0103 de delega\u0163ia transnistrean\u0103, \u00een cadrul c\u0103reia conform agendei de lucru au fost abordate dou\u0103 subiecte. \u00cen debutul \u015fedin\u0163ei reprezentan\u0163ii Misiunii OSCE \u00een Republica Moldova au informat despre&#8230;<\/p>\n","protected":false},"author":2,"featured_media":0,"comment_status":"closed","ping_status":"open","sticky":false,"template":"","format":"standard","meta":[],"categories":[1],"tags":[],"_links":{"self":[{"href":"https:\/\/centers.ulbsibiu.ro\/ccsprise\/lact\/wp-json\/wp\/v2\/posts\/3416"}],"collection":[{"href":"https:\/\/centers.ulbsibiu.ro\/ccsprise\/lact\/wp-json\/wp\/v2\/posts"}],"about":[{"href":"https:\/\/centers.ulbsibiu.ro\/ccsprise\/lact\/wp-json\/wp\/v2\/types\/post"}],"author":[{"embeddable":true,"href":"https:\/\/centers.ulbsibiu.ro\/ccsprise\/lact\/wp-json\/wp\/v2\/users\/2"}],"replies":[{"embeddable":true,"href":"https:\/\/centers.ulbsibiu.ro\/ccsprise\/lact\/wp-json\/wp\/v2\/comments?post=3416"}],"version-history":[{"count":2,"href":"https:\/\/centers.ulbsibiu.ro\/ccsprise\/lact\/wp-json\/wp\/v2\/posts\/3416\/revisions"}],"predecessor-version":[{"id":3418,"href":"https:\/\/centers.ulbsibiu.ro\/ccsprise\/lact\/wp-json\/wp\/v2\/posts\/3416\/revisions\/3418"}],"wp:attachment":[{"href":"https:\/\/centers.ulbsibiu.ro\/ccsprise\/lact\/wp-json\/wp\/v2\/media?parent=3416"}],"wp:term":[{"taxonomy":"category","embeddable":true,"href":"https:\/\/centers.ulbsibiu.ro\/ccsprise\/lact\/wp-json\/wp\/v2\/categories?post=3416"},{"taxonomy":"post_tag","embeddable":true,"href":"https:\/\/centers.ulbsibiu.ro\/ccsprise\/lact\/wp-json\/wp\/v2\/tags?post=3416"}],"curies":[{"name":"wp","href":"https:\/\/api.w.org\/{rel}","templated":true}]}}