{"id":3409,"date":"2017-09-06T17:56:55","date_gmt":"2017-09-06T15:56:55","guid":{"rendered":"https:\/\/centers.ulbsibiu.ro\/ccsprise\/lact\/?p=3409"},"modified":"2017-09-06T17:56:55","modified_gmt":"2017-09-06T15:56:55","slug":"06-09-2017-transnistria-spera-sa-primeasca-statut-de-observator-la-onu","status":"publish","type":"post","link":"https:\/\/centers.ulbsibiu.ro\/ccsprise\/lact\/06-09-2017-transnistria-spera-sa-primeasca-statut-de-observator-la-onu\/","title":{"rendered":"06.09.2017: TRANSNISTRIA SPER\u0102 S\u0102 PRIMEASC\u0102 STATUT DE OBSERVATOR LA ONU"},"content":{"rendered":"<p>Transnistria se va adresa la ONU cu solicitarea de a i se acorda statut de observator, dup\u0103 exemplul Palestinei. O declara\u0163ie \u00een acest sens a f\u0103cut pre\u015fedintele autoproclamatei RMN, Vadim Krasnoselski, miercuri, \u00een cadrul deschiderii sesiunii de toamn\u0103 a Sovietului Suprem. El a \u00eendemnat deputa\u0163ii s\u0103 sus\u0163in\u0103 propunerea sa privind adresarea la ONU.<\/p>\n<p>Potrivit agen\u0163iei INFOTAG cu referire la site-ul organului legislativ, liderul de la Tiraspol inten\u0163ioneaz\u0103 s\u0103 propun\u0103 ONU \u201es\u0103 condamne blocarea procesului de negocieri\u201d de c\u0103tre Moldova \u015fi Pre\u015fedin\u0163ia Austriei la OSCE.<\/p>\n<p>\u201eTransnistria exist\u0103 deja de 27 de ani, aici locuiesc peste 500 mii de oameni de diferite na\u021bionalit\u0103\u0163i, a c\u0103ror opinie nu este prezentat\u0103 la ONU, de\u015fi noi avem tot dreptul\u201d, consider\u0103 el.<\/p>\n<p>Krasnoselski \u015fi-a exprimat regretul c\u0103 partea moldoveneasc\u0103 nu vine \u00een \u00eent\u00e2mpinarea ini\u0163iativelor Transnistriei, \u00een special, referitor la reluarea procesului de negocieri \u00een formatul \u201e5+2\u201d.<\/p>\n<p>\u201eDimpotriv\u0103, Igor Dodon sprijin\u0103 instalarea posturilor comune moldo-ucrainene la frontiera noastr\u0103, Curtea Constitu\u021bional\u0103 a Moldovei declar\u0103 c\u0103 teritoriul republicii noastre este ocupat, iar trupele ruse\u0219ti sunt ocupante. Parlamentul moldovean adopt\u0103 o declara\u021bie privind retragerea pacificatorilor ru\u015fi. Chi\u0219in\u0103ul oficial \u00eencearc\u0103 s\u0103 pun\u0103 aceea\u0219i chestiune pe ordinea de zi a Adun\u0103rii Generale a ONU. Acesta este un fundal alarmant. Perioada actual\u0103, cu excep\u021bia anilor 1990-1992, este cea mai dificil\u0103 din istoria republicii\u201d, a subliniat el.<\/p>\n<p>Liderul transnistrean a \u00eendemnat deputa\u0163ii \u201es\u0103 extind\u0103 \u0219i s\u0103 consolideze rela\u021biile interparlamentare cu Duma de Stat a Federa\u021biei Ruse, \u00een primul r\u00e2nd, pentru a solu\u0163iona problemele de zi cu zi ale aleg\u0103torilor: procedura simplificat\u0103 de adoptare a cet\u0103\u021beniei ruse, posibilitatea de a utiliza \u00een Transnistria \u201ecapitalul de maternitate\u201d, precum \u015fi poli\u0163a de asigurare medical\u0103.<\/p>\n<p>Pre\u0219edintelele SS, Alexsandr \u015ecerba, a dispus ca \u00een viitorul apropiat s\u0103 fie desf\u0103\u015furat\u0103 \u0219edin\u0163a comisiei parlamentare pentru politic\u0103 extern\u0103 \u0219i rela\u021bii interna\u021bionale, pentru a elabora textul documentelor oficiale care vor fi lansate de Parlament. Acestea se vor referi at\u00e2t la blocarea procesului de negociere, c\u00e2t \u0219i la situa\u021bia legat\u0103 de opera\u021biunea de men\u021binere a p\u0103cii.<\/p>\n<p>Sursa:<\/p>\n<p><a href=\"http:\/\/www.infotag.md\/rebelion-ro\/251839\/\">http:\/\/www.infotag.md\/rebelion-ro\/251839\/<\/a><\/p>\n","protected":false},"excerpt":{"rendered":"<p>Transnistria se va adresa la ONU cu solicitarea de a i se acorda statut de observator, dup\u0103 exemplul Palestinei. O declara\u0163ie \u00een acest sens a f\u0103cut pre\u015fedintele autoproclamatei RMN, Vadim Krasnoselski, miercuri, \u00een cadrul deschiderii sesiunii de toamn\u0103 a Sovietului Suprem. El a \u00eendemnat deputa\u0163ii s\u0103 sus\u0163in\u0103 propunerea sa privind adresarea la ONU. Potrivit agen\u0163iei&#8230;<\/p>\n","protected":false},"author":2,"featured_media":0,"comment_status":"closed","ping_status":"open","sticky":false,"template":"","format":"standard","meta":[],"categories":[1],"tags":[],"_links":{"self":[{"href":"https:\/\/centers.ulbsibiu.ro\/ccsprise\/lact\/wp-json\/wp\/v2\/posts\/3409"}],"collection":[{"href":"https:\/\/centers.ulbsibiu.ro\/ccsprise\/lact\/wp-json\/wp\/v2\/posts"}],"about":[{"href":"https:\/\/centers.ulbsibiu.ro\/ccsprise\/lact\/wp-json\/wp\/v2\/types\/post"}],"author":[{"embeddable":true,"href":"https:\/\/centers.ulbsibiu.ro\/ccsprise\/lact\/wp-json\/wp\/v2\/users\/2"}],"replies":[{"embeddable":true,"href":"https:\/\/centers.ulbsibiu.ro\/ccsprise\/lact\/wp-json\/wp\/v2\/comments?post=3409"}],"version-history":[{"count":1,"href":"https:\/\/centers.ulbsibiu.ro\/ccsprise\/lact\/wp-json\/wp\/v2\/posts\/3409\/revisions"}],"predecessor-version":[{"id":3410,"href":"https:\/\/centers.ulbsibiu.ro\/ccsprise\/lact\/wp-json\/wp\/v2\/posts\/3409\/revisions\/3410"}],"wp:attachment":[{"href":"https:\/\/centers.ulbsibiu.ro\/ccsprise\/lact\/wp-json\/wp\/v2\/media?parent=3409"}],"wp:term":[{"taxonomy":"category","embeddable":true,"href":"https:\/\/centers.ulbsibiu.ro\/ccsprise\/lact\/wp-json\/wp\/v2\/categories?post=3409"},{"taxonomy":"post_tag","embeddable":true,"href":"https:\/\/centers.ulbsibiu.ro\/ccsprise\/lact\/wp-json\/wp\/v2\/tags?post=3409"}],"curies":[{"name":"wp","href":"https:\/\/api.w.org\/{rel}","templated":true}]}}