{"id":3407,"date":"2017-09-05T18:10:56","date_gmt":"2017-09-05T16:10:56","guid":{"rendered":"https:\/\/centers.ulbsibiu.ro\/ccsprise\/lact\/?p=3407"},"modified":"2017-09-05T18:10:56","modified_gmt":"2017-09-05T16:10:56","slug":"05-09-2017-osetia-de-sud-acuza-moldova-de-izolarea-artificiala-a-transnistriei","status":"publish","type":"post","link":"https:\/\/centers.ulbsibiu.ro\/ccsprise\/lact\/05-09-2017-osetia-de-sud-acuza-moldova-de-izolarea-artificiala-a-transnistriei\/","title":{"rendered":"05.09.2017: OSETIA DE SUD ACUZ\u0102 MOLDOVA DE \u201eIZOLAREA ARTIFICIAL\u0102 A TRANSNISTRIEI\u201d"},"content":{"rendered":"<p>MAE al Osetiei de Sud a calificat interdic\u0163ia de intrare a delega\u0163iei sale pe teritoriul Moldovei, pe 31 august, drept \u201eo continuare a politicii Chi\u015fin\u0103ului de izolarea interna\u0163ional\u0103 artificial\u0103 a Transnistriei\u201d. Delega\u0163ia se urma s\u0103 ajung\u0103 la Tiraspol pentru a participa la festivit\u0103\u0163ile consacrate celei de-a 27-a anivers\u0103ri de la formarea autoproclamatei RMN.<\/p>\n<p>\u00centr-o declara\u0163ie a MAE al Osetiei de Sud, citat\u0103 de agen\u0163ia INFOTAG, se men\u0163ioneaz\u0103 c\u0103 astfel de ac\u0163iuni ale autorit\u0103\u0163ilor moldovene sunt \u201einacceptabile, deoarece delega\u0163ia nu a \u00eenc\u0103lcat nici normele dreptului interna\u0163ional, nici legisla\u0163ia Moldovei\u201d.<\/p>\n<p>\u201eSe creeaz\u0103 impresia c\u0103 dezvoltarea planificat\u0103 a rela\u021biilor bilaterale dintre Osetia de Sud \u0219i RMN este un factor enervant pentru conducerea Moldovei. Astfel de \u00eencerc\u0103ri st\u00e2ngace de a limita activitatea politic\u0103 a Transnistriei nu vor \u00eempiedica \u00een niciun fel dezvoltarea extinderii rela\u0163iilor multilaterale \u015fi \u0219i consolidarea rela\u021biilor de prietenie \u0219i parteneriat dintre Osetia de Sud \u0219i Transnistria, precum \u0219i cu alte \u021b\u0103ri\u201d, se arat\u0103 \u00een document.<\/p>\n<p>Autorii sus\u0163in c\u0103, \u201eprin deciziile sale politice, Chi\u0219in\u0103ul oficial risc\u0103 s\u0103 perturbe apropierea pozi\u021biilor \u0219i dialogul extrem de important al liderilor p\u0103r\u0163ilor, care, f\u0103r\u0103 \u00eendoial\u0103, vor prejudicia \u015fi procesul de reglementare transnistreano-moldoveneasc\u0103\u201d.<\/p>\n<p>Ei sunt convin\u015fi c\u0103 \u201enicio presiune din partea autorit\u0103\u021bilor Moldovei nu va \u00eempiedica cet\u0103\u021benii RMN s\u0103 s\u0103rb\u0103toreasc\u0103 un eveniment important de stat care a devenit o s\u0103rb\u0103toare cu adev\u0103rat na\u021bional\u0103\u201d.<\/p>\n<p>Sursa:<\/p>\n<p><a href=\"http:\/\/www.infotag.md\/rebelion-ro\/251742\/\">http:\/\/www.infotag.md\/rebelion-ro\/251742\/<\/a><\/p>\n","protected":false},"excerpt":{"rendered":"<p>MAE al Osetiei de Sud a calificat interdic\u0163ia de intrare a delega\u0163iei sale pe teritoriul Moldovei, pe 31 august, drept \u201eo continuare a politicii Chi\u015fin\u0103ului de izolarea interna\u0163ional\u0103 artificial\u0103 a Transnistriei\u201d. Delega\u0163ia se urma s\u0103 ajung\u0103 la Tiraspol pentru a participa la festivit\u0103\u0163ile consacrate celei de-a 27-a anivers\u0103ri de la formarea autoproclamatei RMN. \u00centr-o declara\u0163ie&#8230;<\/p>\n","protected":false},"author":2,"featured_media":0,"comment_status":"closed","ping_status":"open","sticky":false,"template":"","format":"standard","meta":[],"categories":[1],"tags":[],"_links":{"self":[{"href":"https:\/\/centers.ulbsibiu.ro\/ccsprise\/lact\/wp-json\/wp\/v2\/posts\/3407"}],"collection":[{"href":"https:\/\/centers.ulbsibiu.ro\/ccsprise\/lact\/wp-json\/wp\/v2\/posts"}],"about":[{"href":"https:\/\/centers.ulbsibiu.ro\/ccsprise\/lact\/wp-json\/wp\/v2\/types\/post"}],"author":[{"embeddable":true,"href":"https:\/\/centers.ulbsibiu.ro\/ccsprise\/lact\/wp-json\/wp\/v2\/users\/2"}],"replies":[{"embeddable":true,"href":"https:\/\/centers.ulbsibiu.ro\/ccsprise\/lact\/wp-json\/wp\/v2\/comments?post=3407"}],"version-history":[{"count":1,"href":"https:\/\/centers.ulbsibiu.ro\/ccsprise\/lact\/wp-json\/wp\/v2\/posts\/3407\/revisions"}],"predecessor-version":[{"id":3408,"href":"https:\/\/centers.ulbsibiu.ro\/ccsprise\/lact\/wp-json\/wp\/v2\/posts\/3407\/revisions\/3408"}],"wp:attachment":[{"href":"https:\/\/centers.ulbsibiu.ro\/ccsprise\/lact\/wp-json\/wp\/v2\/media?parent=3407"}],"wp:term":[{"taxonomy":"category","embeddable":true,"href":"https:\/\/centers.ulbsibiu.ro\/ccsprise\/lact\/wp-json\/wp\/v2\/categories?post=3407"},{"taxonomy":"post_tag","embeddable":true,"href":"https:\/\/centers.ulbsibiu.ro\/ccsprise\/lact\/wp-json\/wp\/v2\/tags?post=3407"}],"curies":[{"name":"wp","href":"https:\/\/api.w.org\/{rel}","templated":true}]}}