{"id":3403,"date":"2017-09-04T18:20:32","date_gmt":"2017-09-04T16:20:32","guid":{"rendered":"https:\/\/centers.ulbsibiu.ro\/ccsprise\/lact\/?p=3403"},"modified":"2017-09-04T18:20:32","modified_gmt":"2017-09-04T16:20:32","slug":"04-09-2017-executivul-de-la-tiraspol-initiaza-o-ampla-reforma-economica","status":"publish","type":"post","link":"https:\/\/centers.ulbsibiu.ro\/ccsprise\/lact\/04-09-2017-executivul-de-la-tiraspol-initiaza-o-ampla-reforma-economica\/","title":{"rendered":"04.09.2017: Executivul de la Tiraspol ini\u021biaz\u0103 o ampl\u0103 reform\u0103 economic\u0103"},"content":{"rendered":"<p>Vadim Krasnoselski: regiunea transnistrean\u0103 trebuie s\u0103 devin\u0103 autosuficient\u0103 din punct de vedere economic.<\/p>\n<div>\n<div class=\"wsw\">\n<p>Executivul regiunii transnistrene a adoptat s\u0103pt\u0103m\u00e2na trecut\u0103 o serie de modific\u0103ri ale legisla\u021biei prin care \u0219i-ar dori s\u0103 ini\u021bieze o ampl\u0103 reform\u0103 economic\u0103, al c\u0103rei scopc\u0103reia ar fi \u00eent\u0103rirea capacit\u0103\u021bilor interne de produc\u021bie, sus\u021binerea \u00eentreprinderilor mici \u0219i mijlocii \u0219i atragerea de investi\u021bii, \u00een a\u0219a fel \u00eenc\u00e2t regiunea s\u0103 devin\u0103 mai viguroas\u0103 \u0219i mai autosuficient\u0103 din punct de vedere economic.<\/p>\n<p>Liderul administra\u021biei, Vadim Krasnoselski, a declarat c\u0103 dac\u0103 \u00een trecut Transnistria avea o anumit\u0103 \u201epern\u0103 de siguran\u021b\u0103\u201d sub forma banilor pentru gaze care erau colecta\u021bi \u0219i r\u0103m\u00e2neau \u00een regiune pentru necesit\u0103\u021bi interne, atunci \u00een acest an aceast\u0103 resurs\u0103 s-a dovedit a fi insuficient\u0103. \u201eAm sim\u021bit \u00een acest an, a declarat Krasnoselski, ce poate urma \u00een cazul \u00eentreruperii contractului pentru livrarea de energie electric\u0103, adic\u0103 ce se poate \u00eent\u00e2mpla atunci c\u00e2nd se pune accent pe dou\u0103, trei, sau cinci \u00eentreprinderi mari care formeaz\u0103 bugetul.\u201d<\/p>\n<p>La \u00eenceputul anului Chi\u015fin\u0103ul a schimbat furnizorul de curent electric, l\u0103s\u00e2nd regiunea transnistrean\u0103 f\u0103r\u0103 principala surs\u0103 de valut\u0103 \u0219i \u00eencas\u0103ri importante la buget, \u00eens\u0103 peste c\u00e2teva luni a renun\u021bat par\u021bial la contractul cu Ucraina \u0219i a \u00eenceput din nou s\u0103 procure curent de la<a class=\"underline\" href=\"https:\/\/www.europalibera.org\/a\/dialoguri-transnistrene\/28541227.html\" target=\"_blank\"> centrala Cuciurgan, proprietate a concernului rus RAO ES. <\/a><\/p>\n<p>Krasnoselski spune c\u0103 regiunea transnistrean\u0103 trebuie s\u0103 devin\u0103 autosuficient\u0103 din punct de vedere economic, lucru pentru care este nevoie de reforme profunde. Potrivit lui, accentul trebuie pus nu at\u00e2t pe economisirea mijloacelor financiare, c\u00e2t pe crearea condi\u021biilor pentru dezvoltarea sectorului real al economiei, care aduce venituri la buget.<\/p>\n<p>Executivul transnistrean propune, printre altele, majorarea accizelor la m\u0103rfurile de import \u0219i extinderea catalogul m\u0103rfurilor accizabile. \u00cen acela\u0219i timp vor fi anulate taxele vamale pentru m\u0103rfurile respective.<\/p>\n<p>A fost adoptat de asemenea un plan de m\u0103suri pentru \u00eembun\u0103t\u0103\u021birea condi\u021biilor pentru activit\u0103\u021bile de antreprenoriat, document elaborat \u00een baza propunerilor mediului de afaceri. Printre sarcinile de baz\u0103 sunt eliminarea barierelor birocratice, reducerea controalelor, \u00eembun\u0103t\u0103\u021birea rela\u021biilor dintre antreprenori \u0219i autorit\u0103\u021bi, simplificarea procedurilor \u0219i reducerea cheltuielilor pentru formalit\u0103\u021bi birocratice.<\/p>\n<p>M\u0103surile au fost grupate pe opt direc\u021bii, printre care perfec\u021bionarea sistemului de impozitare, simplificarea raport\u0103rilor de tot felul \u0219i introducerea sistemului electronic de raportare, reglementarea chestiunilor de politic\u0103 social\u0103 \u0219i rela\u021bii de munc\u0103. Se discut\u0103 despre simplificarea procedurilor de comer\u021b extern \u0219i despre facilit\u0103\u021bi pentru investi\u021bii, despre organizare de tendere on-line, asigurarea unor condi\u021bii egale pentru agen\u021bii economici cu forme diferite de proprietate, eliminarea tratamentului prioritar pentru \u00eentreprinderile a\u0219a-zise de stat, precum \u0219i elaborarea unui portal pentru servicii electronice.<\/p>\n<p>Tot s\u0103pt\u0103m\u00e2na trecut\u0103 executivul de la Tiraspol a adoptat \u0219i o \u201efoaie de parcurs\u201d pentru sus\u021binerea exporturilor. Aceasta con\u021bine m\u0103suri pentru reducerea \u0219i simplificarea procedurilor vamale, ridicarea competitivit\u0103\u021bii produselor exportate, dezvoltarea infrastructurii de sus\u021binere a exportului, eliminarea barierelor administrative. Documentul vorbe\u0219te \u0219i despre necesitatea de a dezvolta direc\u021bia strategic\u0103 de export c\u0103tre Federa\u0163ia Rus\u0103.<\/p>\n<p>Un alt document menit s\u0103 \u00eembun\u0103t\u0103\u021beasc\u0103 situa\u021bia economic\u0103 este cel legat de protejarea investi\u021biilor, care prevede oferirea unor garan\u021bii a\u0219a-zice de stat pentru investi\u021bii, protejarea drepturilor investitorilor \u0219i condi\u021bii preferen\u021biale de activitate.<\/p>\n<p>\u0218eful executivului, Alexandr Mart\u00eenov, a cerut ca acest proiect s\u0103 fie realizat complet, amintind c\u0103 mai bine de 90 la sut\u0103 dintre concep\u021biile \u0219i foile de parcurs adoptate \u00een regiune nu au fost puse \u00een practic\u0103.<\/p>\n<p>Aceste proiecte ale executivului transnistrean urmeaz\u0103 s\u0103 fie aprobate \u0219i de Sovietul suprem.<\/p>\n<p>Sursa:<\/p>\n<p><a href=\"https:\/\/www.europalibera.org\/a\/executivul-de-la-tiraspol-initiaza-o-ampla-reforma-economica\/28715943.html\">https:\/\/www.europalibera.org\/a\/executivul-de-la-tiraspol-initiaza-o-ampla-reforma-economica\/28715943.html<\/a><\/p>\n<p>&nbsp;<\/p>\n<\/div>\n<\/div>\n","protected":false},"excerpt":{"rendered":"<p>Vadim Krasnoselski: regiunea transnistrean\u0103 trebuie s\u0103 devin\u0103 autosuficient\u0103 din punct de vedere economic. Executivul regiunii transnistrene a adoptat s\u0103pt\u0103m\u00e2na trecut\u0103 o serie de modific\u0103ri ale legisla\u021biei prin care \u0219i-ar dori s\u0103 ini\u021bieze o ampl\u0103 reform\u0103 economic\u0103, al c\u0103rei scopc\u0103reia ar fi \u00eent\u0103rirea capacit\u0103\u021bilor interne de produc\u021bie, sus\u021binerea \u00eentreprinderilor mici \u0219i mijlocii \u0219i atragerea de investi\u021bii,&#8230;<\/p>\n","protected":false},"author":2,"featured_media":0,"comment_status":"closed","ping_status":"open","sticky":false,"template":"","format":"standard","meta":[],"categories":[1],"tags":[],"_links":{"self":[{"href":"https:\/\/centers.ulbsibiu.ro\/ccsprise\/lact\/wp-json\/wp\/v2\/posts\/3403"}],"collection":[{"href":"https:\/\/centers.ulbsibiu.ro\/ccsprise\/lact\/wp-json\/wp\/v2\/posts"}],"about":[{"href":"https:\/\/centers.ulbsibiu.ro\/ccsprise\/lact\/wp-json\/wp\/v2\/types\/post"}],"author":[{"embeddable":true,"href":"https:\/\/centers.ulbsibiu.ro\/ccsprise\/lact\/wp-json\/wp\/v2\/users\/2"}],"replies":[{"embeddable":true,"href":"https:\/\/centers.ulbsibiu.ro\/ccsprise\/lact\/wp-json\/wp\/v2\/comments?post=3403"}],"version-history":[{"count":1,"href":"https:\/\/centers.ulbsibiu.ro\/ccsprise\/lact\/wp-json\/wp\/v2\/posts\/3403\/revisions"}],"predecessor-version":[{"id":3404,"href":"https:\/\/centers.ulbsibiu.ro\/ccsprise\/lact\/wp-json\/wp\/v2\/posts\/3403\/revisions\/3404"}],"wp:attachment":[{"href":"https:\/\/centers.ulbsibiu.ro\/ccsprise\/lact\/wp-json\/wp\/v2\/media?parent=3403"}],"wp:term":[{"taxonomy":"category","embeddable":true,"href":"https:\/\/centers.ulbsibiu.ro\/ccsprise\/lact\/wp-json\/wp\/v2\/categories?post=3403"},{"taxonomy":"post_tag","embeddable":true,"href":"https:\/\/centers.ulbsibiu.ro\/ccsprise\/lact\/wp-json\/wp\/v2\/tags?post=3403"}],"curies":[{"name":"wp","href":"https:\/\/api.w.org\/{rel}","templated":true}]}}