{"id":3401,"date":"2017-09-04T18:08:18","date_gmt":"2017-09-04T16:08:18","guid":{"rendered":"https:\/\/centers.ulbsibiu.ro\/ccsprise\/lact\/?p=3401"},"modified":"2017-09-04T18:08:18","modified_gmt":"2017-09-04T16:08:18","slug":"04-09-2017-igor-dodon-considera-ca-alegerile-prezidentiale-din-2020-trebuie-sa-aiba-loc-cu-participarea-locuitorilor-din-transnistria","status":"publish","type":"post","link":"https:\/\/centers.ulbsibiu.ro\/ccsprise\/lact\/04-09-2017-igor-dodon-considera-ca-alegerile-prezidentiale-din-2020-trebuie-sa-aiba-loc-cu-participarea-locuitorilor-din-transnistria\/","title":{"rendered":"04.09.2017: IGOR DODON CONSIDER\u0102 C\u0102 ALEGERILE PREZIDEN\u0162IALE DIN 2020 TREBUIE S\u0102 AIB\u0102 LOC CU PARTICIPAREA LOCUITORILOR DIN TRANSNISTRIA"},"content":{"rendered":"<p>Pre\u015fedintele Igor Dodon consider\u0103 c\u0103 alegerile preziden\u0163iale din anul 2020 trebuie s\u0103 aib\u0103 loc cu participarea locuitorilor din Transnistria. Potrivit agen\u0163iei INFOTAG, declara\u0163ia a fost f\u0103cut\u0103 vineri seara \u00eentr-o emisiune la postul de televiziune NTV-Moldova.<\/p>\n<p>\u0218eful statului consider\u0103 c\u0103 o asemenea sarcin\u0103 este \u201edestul de real\u0103\u201d.<\/p>\n<p>\u201ePentru aceasta, este necesar ca alegerile parlamentare din anul 2018 s\u0103 fie c\u00e2\u0219tigate de for\u021bele s\u0103n\u0103toase, de sus\u021bin\u0103tori ai consolid\u0103rii statalit\u0103\u021bii Moldovei \u0219i reintegr\u0103rii \u021b\u0103rii. Sunt sigur c\u0103 a\u015fa \u015fi se va \u00eent\u00e2mpla. Atunci vom putea, \u00een 2019, s\u0103 ne preg\u0103tim serios pentru unificarea \u021b\u0103rii. Principalul lucru este c\u0103 acest lucru \u00eel doresc cet\u0103\u021benii de pe dou\u0103 maluri ale Nistrului\u201d, a declarat Dodon.<\/p>\n<p>Potrivit lui, viitoarea conducere a Republicii Moldova trebuie s\u0103 lucreze la aceast\u0103 \u201estrategie 2020\u201d.<\/p>\n<p>\u201eVom lucra, vom elabora un concept de reintegrare. Va trebui s\u0103 organiz\u0103m un referendum pentru a aproba acest concept \u0219i a adopta o nou\u0103 Constitu\u021bie a \u021b\u0103rii unite. Nu \u0219tiu care va fi conceptul de reintegrare \u2013 federa\u021bie sau altceva. Poporul va decide acest lucru\u201d, a spus Pre\u0219edintele.<\/p>\n<p>El a mai spus c\u0103 \u00een urm\u0103toarele s\u0103pt\u0103m\u00e2ni inten\u021bioneaz\u0103 s\u0103 se \u00eent\u00e2lneasc\u0103 cu liderul Transnistriei, Vadim Krasnoselski.<\/p>\n<p>\u201eSper c\u0103 p\u00e2n\u0103 atunci Transnistria va r\u0103spunde cel pu\u021bin la una din propunerile noastre. Am coordonat cu guvernul solu\u021bionarea problemelor care \u00eei \u00eengrijoreaz\u0103 pe locuitorii Transnistriei. Aceasta se refer\u0103 la restabilirea comunica\u021biilor telefonice \u00eentre cele dou\u0103 maluri ale Nistrului, recunoa\u0219terea diplomelor transnistrene de studii \u0219i \u00eenregistrarea automobilelor cu numere transnistrene. I-am transmis propunerile de compromis lui Vadim Krasnolselski la ultima \u00eent\u00e2lnire. Dar nu am primit \u00eenc\u0103 un r\u0103spuns\u201d, a spus Dodon.<\/p>\n<p>Sursa:<\/p>\n<p><a href=\"http:\/\/www.infotag.md\/rebelion-ro\/251618\/\">http:\/\/www.infotag.md\/rebelion-ro\/251618\/<\/a><\/p>\n","protected":false},"excerpt":{"rendered":"<p>Pre\u015fedintele Igor Dodon consider\u0103 c\u0103 alegerile preziden\u0163iale din anul 2020 trebuie s\u0103 aib\u0103 loc cu participarea locuitorilor din Transnistria. Potrivit agen\u0163iei INFOTAG, declara\u0163ia a fost f\u0103cut\u0103 vineri seara \u00eentr-o emisiune la postul de televiziune NTV-Moldova. \u0218eful statului consider\u0103 c\u0103 o asemenea sarcin\u0103 este \u201edestul de real\u0103\u201d. \u201ePentru aceasta, este necesar ca alegerile parlamentare din anul&#8230;<\/p>\n","protected":false},"author":2,"featured_media":0,"comment_status":"closed","ping_status":"open","sticky":false,"template":"","format":"standard","meta":[],"categories":[1],"tags":[],"_links":{"self":[{"href":"https:\/\/centers.ulbsibiu.ro\/ccsprise\/lact\/wp-json\/wp\/v2\/posts\/3401"}],"collection":[{"href":"https:\/\/centers.ulbsibiu.ro\/ccsprise\/lact\/wp-json\/wp\/v2\/posts"}],"about":[{"href":"https:\/\/centers.ulbsibiu.ro\/ccsprise\/lact\/wp-json\/wp\/v2\/types\/post"}],"author":[{"embeddable":true,"href":"https:\/\/centers.ulbsibiu.ro\/ccsprise\/lact\/wp-json\/wp\/v2\/users\/2"}],"replies":[{"embeddable":true,"href":"https:\/\/centers.ulbsibiu.ro\/ccsprise\/lact\/wp-json\/wp\/v2\/comments?post=3401"}],"version-history":[{"count":1,"href":"https:\/\/centers.ulbsibiu.ro\/ccsprise\/lact\/wp-json\/wp\/v2\/posts\/3401\/revisions"}],"predecessor-version":[{"id":3402,"href":"https:\/\/centers.ulbsibiu.ro\/ccsprise\/lact\/wp-json\/wp\/v2\/posts\/3401\/revisions\/3402"}],"wp:attachment":[{"href":"https:\/\/centers.ulbsibiu.ro\/ccsprise\/lact\/wp-json\/wp\/v2\/media?parent=3401"}],"wp:term":[{"taxonomy":"category","embeddable":true,"href":"https:\/\/centers.ulbsibiu.ro\/ccsprise\/lact\/wp-json\/wp\/v2\/categories?post=3401"},{"taxonomy":"post_tag","embeddable":true,"href":"https:\/\/centers.ulbsibiu.ro\/ccsprise\/lact\/wp-json\/wp\/v2\/tags?post=3401"}],"curies":[{"name":"wp","href":"https:\/\/api.w.org\/{rel}","templated":true}]}}