{"id":3397,"date":"2017-09-04T17:36:32","date_gmt":"2017-09-04T15:36:32","guid":{"rendered":"https:\/\/centers.ulbsibiu.ro\/ccsprise\/lact\/?p=3397"},"modified":"2017-09-04T17:36:32","modified_gmt":"2017-09-04T15:36:32","slug":"04-09-2017-cererea-de-retragere-a-trupelor-ruse-din-transnistria-legalitate-avantaje-riscuri-si-pericole","status":"publish","type":"post","link":"https:\/\/centers.ulbsibiu.ro\/ccsprise\/lact\/04-09-2017-cererea-de-retragere-a-trupelor-ruse-din-transnistria-legalitate-avantaje-riscuri-si-pericole\/","title":{"rendered":"04.09.2017: Cererea de retragere a trupelor ruse din Transnistria: legalitate, avantaje, riscuri \u015fi pericole"},"content":{"rendered":"<p>Reprezentan\u0163ii mai multor partide politice de la Chi\u015fin\u0103u \u015fi-au prezentat luni, 4 septembrie, opiniile \u00een contradictoriu \u00een cadrul dezbaterilor publice pe tema: \u201eCererea de retragere a trupelor ruse de pe teritoriu Republicii Moldova: legalitate, avantaje, riscuri \u015fi pericole\u201d, organizate de Agen\u0163ia de pres\u0103 IPN.<\/p>\n<p>Pe de o parte, oponen\u0163ii politici ai Declara\u0163iei Parlamentului privind retragerea for\u0163elor militare ruse de pe teritoriul \u0163\u0103rii \u015fi cererii Guvernului privind includerea \u00een agenda Adun\u0103rii Generale a ONU a unui punct intitulat \u201eRetragerea for\u0163elor militare ruse de pe teritoriul Republicii Moldova\u201d afirm\u0103 c\u0103 acestea sunt documente cu caracter politic, care nu vor avea efecte juridice \u015fi nu vor contribui \u00een niciun fel la solu\u0163ionarea conflictului transnistrean.<\/p>\n<div><\/div>\n<div>Pe de alt\u0103 parte, autorii \u015fi promotorii documentelor sus\u0163in c\u0103 de\u015fi persist\u0103 caracterul politic, acestea se bazeaz\u0103 pe o abordare juridic\u0103. Mai mult, demnitarii de rang \u00eenalt \u015fi diploma\u0163ia moldoveneasc\u0103 trebuie s\u0103 abordeze acest subiect de fiecare dat\u0103 pentru a informa comunitatea interna\u0163ional\u0103 despre aceast\u0103 problem\u0103 \u015fi a face presiuni asupra Federa\u0163iei Ruse.<\/div>\n<div>\nIgor Bo\u0163an, expert permanent al proiectului, consider\u0103 c\u0103 declara\u0163ia Parlamentului este un document politic de manifestare a unei voin\u0163e a majorit\u0103\u0163ii parlamentare. \u00cen opinia sa, aceast\u0103 declara\u0163ie vine \u00eentr-un context nou \u015fi inedit, generat de c\u0103tre hot\u0103r\u00e2rea Cur\u0163ii Constitu\u0163ionale din 2 mai prin care se men\u0163ioneaz\u0103 c\u0103 sta\u0163ionarea trupelor ruse\u015fti \u00een Transnistria este ilegal\u0103 \u015fi neconstitu\u0163ional\u0103 \u015fi c\u0103 teritoriul transnistrean este ocupat de c\u0103tre Federa\u0163ia Rus\u0103. Decizia Cur\u0163ii Constitu\u0163ionale reprezint\u0103, potrivit expertului, elementul nou, \u00eentruc\u00e2t asemenea declara\u0163ii r\u0103sun\u0103 practic \u00een fiecare an \u00een cadrul \u00eentrunirilor ministeriale ale OSCE care au loc de obicei \u00een prima s\u0103pt\u0103m\u00e2n\u0103 a lunii decembrie \u00een capitalele \u0163\u0103rilor care de\u0163in pre\u015fedin\u0163ia acestei structuri. Mai mult dec\u00e2t at\u00e2t, din c\u00e2nd \u00een c\u00e2nd, acest mesaj se reg\u0103se\u015fte \u015fi \u00een lu\u0103rile de pozi\u0163ie a demnitarilor de rang \u00eenalt din Republica Moldova de la tribuna Adun\u0103rii Generale a ONU.<\/p>\n<p>\u00cen ceea ce \u0163ine de cadrul legal, Igor Bo\u0163an a amintit despre documentul semnat \u00eeniulie 1992, prin care au fost oprite ostilit\u0103\u0163ile pe malurile Nistrului, \u015fi \u00een care se men\u0163iona ce ac\u0163iuni urmau s\u0103 aib\u0103 loc ulterior. \u00cen octombrie 1994, a existat un alt document semnat de c\u0103tre premierul rus Cernom\u00eerdin \u015fi cel moldovean Sangheli, \u00een care se spune c\u0103 retragerea trupelor ruse\u015fti trebuie sincronizat\u0103 odat\u0103 cu elaborarea \u015fi acceptarea de c\u0103tre transnistreni a unui statut special \u00een cadrul Republicii Moldova. Expertul a men\u0163ionat c\u0103 \u00een prezent lucrurile au un anumit statut \u2013 conflictul este \u00eenghe\u0163at, iar formatul interna\u0163ional 5+2 este un fel de carapace care p\u0103streaz\u0103 acest statut \u00eenghe\u0163at p\u00e2n\u0103 c\u00e2nd se limpezesc lucrurile.<\/p>\n<p>Deputatul Partidului Democrat Sergiu S\u00eerbu a declarat c\u0103 la 21 iulie a anului curent, prin acea Declara\u0163ie, Parlamentul Republicii Moldova nu a f\u0103cut altceva dec\u00e2t a reiterat pozi\u0163ia guvernelor care au fost din 1992 \u00eencoace. \u00cen calitate de unul dintre autorii acestei ini\u0163iative, Sergiu S\u00eerbu a men\u0163ionat c\u0103 declara\u0163ia este una politic\u0103, dar se bazeaz\u0103, exclusiv, pe abordare juridic\u0103. Potrivit lui, este vorba despre o solicitare legitim\u0103 a autorit\u0103\u0163ilor Republicii Moldova cu referire la retragerea necondi\u0163ionat\u0103 a trupelor \u015fi a muni\u0163iilor care au mai r\u0103mas pe teritoriul \u0163\u0103rii \u015fi care reprezint\u0103 o amenin\u0163are constant\u0103 penetru securitatea \u015fi stabilitatea regional\u0103 \u015fi chiar european\u0103. De asemenea, este un apel absolut legitim \u00een ceea ce \u0163ine de modificarea statutului misiunii de pacificare din una militar\u0103 \u00een una civil\u0103 cu mandat interna\u0163ional. Deputatul a mai spus c\u0103, de\u015fi i se pare c\u0103 aceast\u0103 declara\u0163ie este una \u00eent\u00e2rziat\u0103, autorit\u0103\u0163ile trebuie s\u0103 reafirme ori de c\u00e2te ori aceast\u0103 pozi\u0163ie, pentru c\u0103 \u00een caz contrar, va fi p\u0103tat\u0103 memoriea persoanelor c\u0103zute \u00een R\u0103zboiul de pe Nistru, care au luptat pentru integritatea \u0163\u0103rii.<\/p>\n<p>Deputatul Partidului Sociali\u015ftilor Vladimir \u0162urcan consider\u0103 c\u0103 aceast\u0103 declara\u0163ia dezb\u0103tut\u0103 este una pur politic\u0103 f\u0103r\u0103 consecin\u0163e juridice, \u00eens\u0103 foarte periculoas\u0103 din punct de vedere politic. \u201eCare este scopul acestor pa\u015fi? Ce rezultat dorim? Dac\u0103 cei care au f\u0103cut ace\u015fti pa\u015fii, spun c\u0103 dorin\u0163a este de a rezolva c\u00e2t mai rapid \u015fi \u00een cel mai pa\u015fnic mod problema transnistrean\u0103, toat\u0103 lumea \u00een\u0163elege c\u0103 este un fals. Solu\u0163ionarea acestei probleme nu trebuie s\u0103 \u00eenceap\u0103 de la declara\u0163ii, dar cu a face regul\u0103 aici la noi \u00een \u0163ar\u0103\u201d, opinat parlamentarul.<\/p><\/div>\n<div><\/div>\n<div>Vladimir \u0162urcan a declarat c\u0103, \u00een ceea ce \u0163ine de solu\u0163ionarea diferendului transnistrean, este nevoie de atras aten\u0163ia la dou\u0103 aspecte. Primul \u0163ine de credibilitatea politic\u0103 a statului Republica Moldova \u015fi a guvern\u0103rii de la Chi\u015fin\u0103u pentru popula\u0163ia din regiunea transnistrean\u0103. Al doilea aspect \u0163ine de crearea \u00een dreapta Nistrului a unor condi\u0163ii \u015fi a unui nivel de via\u0163\u0103 social-economic atractiv pentru cei din Transnistria. Totul, \u00een opinia sa, trebuie s\u0103 porneasc\u0103 de la acerste lucruri. Deputatul a mai spus c\u0103 menirea politicii externe este de a crea condi\u0163ii pe plan extern pentru solu\u0163ionarea problemelor interne ale \u0163\u0103rii. \u00cens\u0103 prin asemenea cereri, \u00een viziunea sa, sunt create probleme pe intern, precum \u015fi condi\u0163ii care vor fi un obstacol discu\u0163iile pe plan interna\u0163ional, \u00een formatul \u201d5+2\u201d.<\/p>\n<p>Deputatul Partidului Liberal Roman Bo\u0163an a men\u0163ionat c\u0103 aceast\u0103 declara\u0163ie este una necesar\u0103, care trebuie actualizat\u0103 \u00een permanen\u0163\u0103, iar eforturile Republicii Moldova trebuie s\u0103 fie constante \u00een vederea interna\u0163ionaliz\u0103rii acestei probleme. \u201e\u00cen acest sens diploma\u0163ia Republicii Moldova trebuie s\u0103 depun\u0103 eforturi ca to\u0163i actorii interna\u0163ionali s\u0103 cunoasc\u0103 \u00een esen\u0163\u0103 problema \u015fi presiunile exercitate asupra Federa\u0163iei Ruse s\u0103 fie unele care s\u0103 aduc\u0103 \u00een perspectiv\u0103 rezultate. Republica Moldova nu poate solu\u0163iona de una singur\u0103 aceast\u0103 chestiune \u015fi suportul partenerilor interna\u0163ionali este esen\u0163ial\u201d, a opinat parlamentarul. Roman Bo\u0163an a mai spus c\u0103 din discu\u0163iile cu cet\u0103\u0163enii din regiunea transnistrean\u0103 a dedus c\u0103 presiunea asupra cet\u0103\u0163enilor moldoveni din acest teritoriu se resimte, iar Republica Moldova este obligat\u0103 s\u0103 apere drepturile cet\u0103\u0163enilor s\u0103i din tot spa\u0163iul s\u0103u.<\/p>\n<p>Vicepre\u015fedintele Partidului Patrio\u0163ii Moldovei, Sergiu Perciun, a spus c\u0103 mai presus de orice lege, chiar \u015fi de Constitu\u0163ia \u0163\u0103rii, este voin\u0163a consolidat\u0103 a unui popor. \u201eCe \u00eenseamn\u0103 Armata a 14-a pentru noi, moldovenii? \u00censeamn\u0103 un garant c\u0103 nu ne mai ducem, nu mai e\u015fu\u0103m \u00een spa\u0163iul rom\u00e2nesc\u201d, a opinat Sergiu Perciun, afirm\u00e2nd c\u0103 \u00een societate se atest\u0103 o \u201erom\u00e2nizare agresiv\u0103\u201d. \u00cen opinia sa, Armata 14-a trebuie s\u0103 r\u0103m\u00e2n\u0103 \u00een Transnistria, una consolidat\u0103, pentru c\u0103 \u201dpentru Republica Moldova Rusia este o garan\u0163ie clar\u0103 c\u0103 Moldova va supravie\u0163ui ca \u0163ar\u0103, iar poporul moldovenesc nu se va rom\u00e2niza\u201d. Potrivit lui, Rusia poate crea condi\u0163ii normale de dezvoltare social-economice Republicii Moldova, \u00eens\u0103 nu Uniunea European\u0103 sau Rom\u00e2nia.<\/p>\n<p>Dinu Pl\u00e2ng\u0103u, reprezentantul Partidului Politic Platforma DA, e de p\u0103rere c\u0103 subiectul transnistrean trebuie s\u0103 fie chestiunea num\u0103rul unu pe agenda Republicii Moldova, care este de interes na\u0163ional. Potrivit lui, conflictul transnistrean este unul geopolitic, dar \u015fi de drept interna\u0163ional, pentru c\u0103 p\u0103r\u0163ile implicate sunt dou\u0103 state \u2013Republica Moldova \u015fi Federa\u0163ia Rus\u0103, iar Republicii Moldova i s-a \u00eenc\u0103lcat dreptul la integritate teritorial\u0103.<\/p><\/div>\n<div><\/div>\n<div>Reprezentantul PPPDA consider\u0103 c\u0103 acest conflict, din unul armat a fost trtansformat \u00een unul de interes economic. Astfel, diferi\u0163i actori politici de la Chi\u015fin\u0103u, prin intermediul unor institu\u0163ii din dreapta, dar \u015fi din st\u00e2nga Nistrului, se finan\u0163eaz\u0103 separatismul, inclusiv prin intermediul schemelor frauduloase. \u00cen opinia sa, \u00eenaintarea unei cereri privind retragerea trupelor ruse\u015fti, r\u0103m\u00e2ne doar la nivel de declara\u0163ie, \u201dpentru c\u0103 faptele spun cu totul altceva \u015fi acest lucru denot\u0103 c\u0103 inten\u0163ia real\u0103 de a solu\u0163iona acest conflict este una fals\u0103\u201d.<\/p>\n<p>Dezbaterile publice \u201eCererea de retragere a trupelor ruse de pe teritoriu Republicii Moldova: legalitate, avantaje, riscuri \u015fi pericole\u201d, constituie edi\u0163ia a 76-a din ciclul \u201eDezvoltarea culturii politice \u00een\u00a0dezbateri publice\u201d, desf\u0103\u015furat cu sus\u0163inerea Funda\u0163iei germane Hanns Seidel.<\/p><\/div>\n<div><\/div>\n<div>Sursa:<\/div>\n<div><a href=\"http:\/\/adevarul.ro\/moldova\/politica\/cererea-retragere-trupelor-rusesti-legalitate-avantaje-riscuri-pericole-1_59ad60085ab6550cb8a08f46\/index.html\">http:\/\/adevarul.ro\/moldova\/politica\/cererea-retragere-trupelor-rusesti-legalitate-avantaje-riscuri-pericole-1_59ad60085ab6550cb8a08f46\/index.html<\/a><\/div>\n","protected":false},"excerpt":{"rendered":"<p>Reprezentan\u0163ii mai multor partide politice de la Chi\u015fin\u0103u \u015fi-au prezentat luni, 4 septembrie, opiniile \u00een contradictoriu \u00een cadrul dezbaterilor publice pe tema: \u201eCererea de retragere a trupelor ruse de pe teritoriu Republicii Moldova: legalitate, avantaje, riscuri \u015fi pericole\u201d, organizate de Agen\u0163ia de pres\u0103 IPN. Pe de o parte, oponen\u0163ii politici ai Declara\u0163iei Parlamentului privind retragerea&#8230;<\/p>\n","protected":false},"author":2,"featured_media":0,"comment_status":"closed","ping_status":"open","sticky":false,"template":"","format":"standard","meta":[],"categories":[1],"tags":[],"_links":{"self":[{"href":"https:\/\/centers.ulbsibiu.ro\/ccsprise\/lact\/wp-json\/wp\/v2\/posts\/3397"}],"collection":[{"href":"https:\/\/centers.ulbsibiu.ro\/ccsprise\/lact\/wp-json\/wp\/v2\/posts"}],"about":[{"href":"https:\/\/centers.ulbsibiu.ro\/ccsprise\/lact\/wp-json\/wp\/v2\/types\/post"}],"author":[{"embeddable":true,"href":"https:\/\/centers.ulbsibiu.ro\/ccsprise\/lact\/wp-json\/wp\/v2\/users\/2"}],"replies":[{"embeddable":true,"href":"https:\/\/centers.ulbsibiu.ro\/ccsprise\/lact\/wp-json\/wp\/v2\/comments?post=3397"}],"version-history":[{"count":1,"href":"https:\/\/centers.ulbsibiu.ro\/ccsprise\/lact\/wp-json\/wp\/v2\/posts\/3397\/revisions"}],"predecessor-version":[{"id":3398,"href":"https:\/\/centers.ulbsibiu.ro\/ccsprise\/lact\/wp-json\/wp\/v2\/posts\/3397\/revisions\/3398"}],"wp:attachment":[{"href":"https:\/\/centers.ulbsibiu.ro\/ccsprise\/lact\/wp-json\/wp\/v2\/media?parent=3397"}],"wp:term":[{"taxonomy":"category","embeddable":true,"href":"https:\/\/centers.ulbsibiu.ro\/ccsprise\/lact\/wp-json\/wp\/v2\/categories?post=3397"},{"taxonomy":"post_tag","embeddable":true,"href":"https:\/\/centers.ulbsibiu.ro\/ccsprise\/lact\/wp-json\/wp\/v2\/tags?post=3397"}],"curies":[{"name":"wp","href":"https:\/\/api.w.org\/{rel}","templated":true}]}}