{"id":3393,"date":"2017-09-03T21:21:04","date_gmt":"2017-09-03T19:21:04","guid":{"rendered":"https:\/\/centers.ulbsibiu.ro\/ccsprise\/lact\/?p=3393"},"modified":"2017-09-03T21:21:04","modified_gmt":"2017-09-03T19:21:04","slug":"03-09-2017-tiraspolul-a-marcat-cu-fast-27-de-ani-de-la-secesiunea-de-republica-moldova","status":"publish","type":"post","link":"https:\/\/centers.ulbsibiu.ro\/ccsprise\/lact\/03-09-2017-tiraspolul-a-marcat-cu-fast-27-de-ani-de-la-secesiunea-de-republica-moldova\/","title":{"rendered":"03.09.2017: Tiraspolul a marcat cu fast 27 de ani de la secesiunea de Republica Moldova"},"content":{"rendered":"<p>Au avut loc o parad\u0103 militar\u0103, concerte \u0219i focuri de artificii.<\/p>\n<p>\u00cen cadrul par\u0103zii, liderul transnistrean Vadim Krasnoselski a declarat c\u0103 \u201efundamentul securit\u0103\u021bii \u0219i independen\u021bei Transnistriei sunt for\u021bele armate\u201d \u0219i c\u0103 \u201earmata transnistrean\u0103 bine instruit\u0103 \u0219i preg\u0103tit\u0103 de lupt\u0103 este factorul care \u021bine la distan\u021b\u0103 multe capete fierbin\u021bi din \u021b\u0103rile \u00eenvecinate\u201d.<\/p>\n<p>Krasnoselsk a mai spus c\u0103 este recunosc\u0103tor Federa\u0163iei Ruse pentru ajutor \u0219i sus\u021binere \u0219i a mul\u021bumit \u201esoldatului rus\u201d pentru faptul c\u0103 a oprit ceea ce liderul separatist a numit \u201eagresiunea militar\u0103 de propor\u021bii a Republicii Moldova \u00eempotriva Transnistriei\u201d, \u0219i pentru de mai mult de 25 de ani \u201emen\u021bine dezinteresat pacea pe acest p\u0103m\u00e2nt\u201d.<\/p>\n<p>Liderul de la Tiraspol a mai subliniat c\u0103 nu exist\u0103 alternative la crearea unei Transnistrii independente, cu alipirea ei ulterioar\u0103 la Federa\u0163ia Rus\u0103.<\/p>\n<p>Vorbind presei dup\u0103 eveniment, Krasnoselski a depl\u00e2ns faptul c\u0103 autorit\u0103\u021bile de la Chi\u015fin\u0103u au interzis accesul mai multor invita\u021bi care veneau la Tiraspol pentru a \u0103rb\u0103toreasc\u0103 secesiunea regiunii transnistrene.<\/p>\n<p>S\u0103pt\u0103m\u00e2na trecut\u0103 autorit\u0103\u021bile Republicii Moldova au refuzat accesul prin aeroportul interna\u021bional Chi\u015fin\u0103u al unor activi\u0219ti \u0219i jurnali\u0219ti din Rusia, Osetia de Sud \u0219i Abhazia.<\/p>\n<p>Krasnoselski a spus c\u0103 acest gest denot\u0103 \u201esl\u0103biciunea \u0219i frica Republicii Moldova fa\u021b\u0103 de Transnistria\u201d.<\/p>\n<p>\u201eMoldova demonstreaz\u0103 sl\u0103biciune \u00een fa\u021ba Transnistriei folosind \u00een rela\u021biile bilaterale nu argumente, ci p\u00e2rghii extreme precum izolarea. Noi vedem \u00een asta sl\u0103biciune. Ei se tem de noi \u2013 de poporul transnistrean. \u0218i nu pentru c\u0103 suntem \u00eenarma\u021bi \u0219i puternici. Nu. Se tem de spiritul nostru, de verticalitatea noastr\u0103. Noi suntem pa\u0219nici \u0219i nu am atacat ne nimeni niciodat\u0103, dar vom fi \u00eentotdeauna capabili s\u0103 ne ap\u0103r\u0103m\u201d, a spus Krasnoselski.<\/p>\n<p>Cu o zi mai devreme, \u00een cadrul unui concert festiv, liderul separatist transnistrean a declarat c\u0103 teritoriul transnistrean nu are nicio leg\u0103tur\u0103 istoric\u0103 cu Moldova, iar Chi\u015fin\u0103ul a renun\u021bat de bun\u0103 voie la Transnistria atunci c\u00e2nd a declarat ca fiind ilegal\u0103 crearea republicii sovietice socialiste moldovene\u0219ti (RSSM).<\/p>\n<p>Krasnoselski a declarat c\u0103 Transnistria are dreptul la independen\u021b\u0103, oper\u00e2nd cu argumente istorice \u0219i juridice. Acesta a afirmat chiar c\u0103 aceste argumente ar da c\u00e2\u0219tig de cauz\u0103 Transnistriei \u00een orice instan\u021b\u0103 interna\u021bional\u0103 dac\u0103 aceasta ar fi una impar\u021bial\u0103.<\/p>\n<p>\u00cen interpretarea istoric\u0103 a liderului de la Tiraspol, statalitatea moldoveneasc\u0103 nu s-a extins niciodat\u0103 mai departe de malul drept al Nistrului. \u201eTeritoriile Transnistriei \u0219i Moldovei intrau \u00een componen\u021ba unor entit\u0103\u021bi administrative diferite \u00een cadrul Imperiului Rus. Dup\u0103 1917, c\u00e2nd imperiul s-a pr\u0103bu\u0219it, Transnistria a continua s\u0103 existe separat de Basarabia care, \u00een interpretarea lui Krasnoselski, \u201ea fost ocupat\u0103 de Rom\u00e2nia\u201d. Pe malul st\u00e2nd al Nistrului, a continuat Krasnoselski, \u00een 1924 a fost creat\u0103 republica sovietic\u0103 socialist\u0103 autonom\u0103 moldoveneasc\u0103, \u00een baza c\u0103reia \u00een 1940 a fost creat\u0103 RSSM, \u00eempreun\u0103 cu teritoriul Basarabiei recucerit de la Rom\u00e2nia. Doar din acest moment \u0219i p\u00e2n\u0103 \u00een 1990 teritoriile Transnistriei \u0219i ale Basarabiei au fost juridic \u00eempreun\u0103\u201d, a spus liderul de la Tiraspol.<\/p>\n<p>\u201eDar \u00een 1990 Chi\u015fin\u0103ul a declarat ca fiind ilegal\u0103 crearea RSSM. Astfel, continu\u0103 Krasnoselski, situa\u021bia a revenit din punct de vedere juridic la anul 1940, iar teritoriul republicii autonome, adic\u0103 Transnistria, au fost excluse din componen\u021ba Moldovei. Prin aceast\u0103 decizie Parlamentul de la Chi\u015fin\u0103u de facto a renun\u021bat la Transnistria. A renun\u021bat juridic!\u201d, a subliniat liderul administra\u021biei separatiste.<\/p>\n<p>\u201e\u00cen opinia unor juri\u0219ti interna\u021bionali, dac\u0103 ar fi s\u0103 adun\u0103m toate aceste fapte, atunci noi am putea ap\u0103ra independen\u021ba noastr\u0103 \u00een orice instan\u021b\u0103 interna\u021bional\u0103, evident dac\u0103 aceasta va fi una independent\u0103\u201d, a declarat Vadim Krasnoselski.<\/p>\n<p>Vicepremierul rus Dmitri Rogozin a transmis un mesaj de felicitare cu ocazia \u00eemplinirii a 27 de ani de la proclamarea independen\u021bei nerecunoscutei republici moldovene\u0219ti nistrene.<\/p>\n<p>Dup\u0103 cum transmite agen\u021bia oficial\u0103 de la Tiraspol, <a class=\"underline\" href=\"https:\/\/novostipmr.com\/ru\/news\/17-09-02\/rogozin-rf-prodolzhit-okazyvat-pridnestrovcam-mnogoplanovuyu%22%20%5Ct%20%22_blank\">Novostipmr<\/a>, \u00een mesajul s\u0103u Dmitri Rogozin scrie c\u0103 ast\u0103zi Transnistria continu\u0103 s\u0103-\u0219i intensifice leg\u0103turile cu Federa\u021bia Rus\u0103, multe dintre problemele din regiune fiind rezolvate datorit\u0103 sprijinului multilateral rusesc.<\/p>\n<p>Totodat\u0103, Dmitri Rogozin a avertizat c\u0103, citez, \u201eFedera\u021bia Rus\u0103 \u00een calitate de \u021bar\u0103-garant nu va admite repetarea aventurilor militaro-politice pe malurile Nistrului, indiferent de unde acestea ar proveni\u201d. \u201eViitorul Transnistriei este al\u0103turi de M\u0103rea\u021ba Rusie\u201d<em>, <\/em>astfel \u0219i-a \u00eencheiat mesajul s\u0103u emisarul Kremlinului.<\/p>\n<p>Reamintim c\u0103 Rogozin a fost declarat acum dou\u0103 luni <em>persona non grata<\/em> \u00een Moldova pe de c\u0103tre Guvernul de la Chi\u0219in\u0103u, o decizie criticat\u0103 la vremea respectiv\u0103 de c\u0103tre pre\u0219edintele moldovean Igor Dodon.<\/p>\n<p>Sursa:<\/p>\n<p><a href=\"https:\/\/www.europalibera.org\/a\/28713615.html\">https:\/\/www.europalibera.org\/a\/28713615.html<\/a><\/p>\n","protected":false},"excerpt":{"rendered":"<p>Au avut loc o parad\u0103 militar\u0103, concerte \u0219i focuri de artificii. \u00cen cadrul par\u0103zii, liderul transnistrean Vadim Krasnoselski a declarat c\u0103 \u201efundamentul securit\u0103\u021bii \u0219i independen\u021bei Transnistriei sunt for\u021bele armate\u201d \u0219i c\u0103 \u201earmata transnistrean\u0103 bine instruit\u0103 \u0219i preg\u0103tit\u0103 de lupt\u0103 este factorul care \u021bine la distan\u021b\u0103 multe capete fierbin\u021bi din \u021b\u0103rile \u00eenvecinate\u201d. Krasnoselsk a mai spus&#8230;<\/p>\n","protected":false},"author":2,"featured_media":0,"comment_status":"closed","ping_status":"open","sticky":false,"template":"","format":"standard","meta":[],"categories":[1],"tags":[],"_links":{"self":[{"href":"https:\/\/centers.ulbsibiu.ro\/ccsprise\/lact\/wp-json\/wp\/v2\/posts\/3393"}],"collection":[{"href":"https:\/\/centers.ulbsibiu.ro\/ccsprise\/lact\/wp-json\/wp\/v2\/posts"}],"about":[{"href":"https:\/\/centers.ulbsibiu.ro\/ccsprise\/lact\/wp-json\/wp\/v2\/types\/post"}],"author":[{"embeddable":true,"href":"https:\/\/centers.ulbsibiu.ro\/ccsprise\/lact\/wp-json\/wp\/v2\/users\/2"}],"replies":[{"embeddable":true,"href":"https:\/\/centers.ulbsibiu.ro\/ccsprise\/lact\/wp-json\/wp\/v2\/comments?post=3393"}],"version-history":[{"count":1,"href":"https:\/\/centers.ulbsibiu.ro\/ccsprise\/lact\/wp-json\/wp\/v2\/posts\/3393\/revisions"}],"predecessor-version":[{"id":3394,"href":"https:\/\/centers.ulbsibiu.ro\/ccsprise\/lact\/wp-json\/wp\/v2\/posts\/3393\/revisions\/3394"}],"wp:attachment":[{"href":"https:\/\/centers.ulbsibiu.ro\/ccsprise\/lact\/wp-json\/wp\/v2\/media?parent=3393"}],"wp:term":[{"taxonomy":"category","embeddable":true,"href":"https:\/\/centers.ulbsibiu.ro\/ccsprise\/lact\/wp-json\/wp\/v2\/categories?post=3393"},{"taxonomy":"post_tag","embeddable":true,"href":"https:\/\/centers.ulbsibiu.ro\/ccsprise\/lact\/wp-json\/wp\/v2\/tags?post=3393"}],"curies":[{"name":"wp","href":"https:\/\/api.w.org\/{rel}","templated":true}]}}