{"id":3390,"date":"2017-09-01T21:26:04","date_gmt":"2017-09-01T19:26:04","guid":{"rendered":"https:\/\/centers.ulbsibiu.ro\/ccsprise\/lact\/?p=3390"},"modified":"2017-09-01T21:26:53","modified_gmt":"2017-09-01T19:26:53","slug":"01-09-2017-seful-mae-al-rusiei-considera-ca-retragerea-pacificatorilor-rusi-din-transnistria-ar-putea-duce-la-un-razboi-in-regiune","status":"publish","type":"post","link":"https:\/\/centers.ulbsibiu.ro\/ccsprise\/lact\/01-09-2017-seful-mae-al-rusiei-considera-ca-retragerea-pacificatorilor-rusi-din-transnistria-ar-putea-duce-la-un-razboi-in-regiune\/","title":{"rendered":"01.09.2017: \u015eEFUL MAE AL RUSIEI CONSIDER\u0102 C\u0102 RETRAGEREA PACIFICATORILOR RU\u015eI DIN TRANSNISTRIA AR PUTEA DUCE LA UN R\u0102ZBOI \u00ceN REGIUNE"},"content":{"rendered":"<p>Ministrul Afacerilor Externe al Rusiei, Serghei Lavrov, consider\u0103 c\u0103 retragerea pacificatorilor ru\u015fi din Transnistria ar putea duce la un nou r\u0103zboi \u00een regiune. Potrivit agen\u0163iei INFOTAG, declara\u0163ia a fost f\u0103cut\u0103 vineri \u00een timpul unei \u00eent\u00e2lniri cu studen\u0163ii de la Institutul de Stat pentru Rela\u0163ii Interna\u0163ionale din Moscova cu prilejul noului an de studii.<\/p>\n<p>\u201eNu cred c\u0103 putem prezice dac\u0103 va fi sau nu r\u0103zboi. Nimeni nu vrea acest lucru cu excep\u021bia celor care i-au dus de m\u00e2n\u0103 pe reprezentan\u021bii conducerii atunci c\u00e2nd ei au semnat Nota privind retragerea militarilor no\u0219tri din Transnistria. Cei care au \u00eendemnat Chi\u0219in\u0103ul \u00een acest sens, aceia doresc r\u0103zboi \u00eentre noi \u0219i Ucraina, \u00eentre noi \u0219i Moldova\u201d, a spus Lavrov.<\/p>\n<p>Potrivit lui, cei care se afl\u0103 \u00een spatele acestui lucru \u201eurmeaz\u0103 o linie pentru a restr\u00e2nge Rusia\u201d. El a amintit c\u0103 \u201emilitarii ru\u0219i se afl\u0103 \u00een Transnistria \u00een baza unor acorduri \u00eencheiate la scurt timp dup\u0103 ce faza fierbinte a conflictului de la \u00eenceputul anilor \u201990 a fost stopat\u0103 datorit\u0103 armatei ruse\u0219ti\u201d.<\/p>\n<p>Dup\u0103 cum a informat anterior INFOTAG, pe 21 iulie, \u00een ultima zi de lucru a sesiunii parlamentare, coali\u0163ia de guvernare a adoptat Declara\u0163ia Parlamentului RM privind necesitatea retragerii for\u0163elor militare ruse de pe teritoriul \u0163\u0103rii. S\u0103pt\u0103m\u00e2na trecut\u0103, reprezentantul permanent al Moldovei la ONU, Victor Moraru, a prezentat la secretariatul ONU o scrisoare a conducerii Moldovei cu solicitarea de a include pe agenda de lucru a celei de-a 72-a sesiuni a Adun\u0103rii Generale a ONU chestiunea privind retragerea militarilor ru\u015fi din \u0163ar\u0103.<\/p>\n<p>La r\u00e2ndul s\u0103u, Ucraina a solicitat ONU ca pe agenda de lucru a sesiunii Adun\u0103rii Generale, care va \u00eencepe pe 12 septembrie, c\u0103 includ\u0103 un subiect ce \u0163ine de necesitatea implic\u0103rii ONU \u00een conflictul din Donbas. Pre\u015fedintele Ucrainei, Petro Poro\u015fenko, a declarat c\u0103 Ucraina va solicita introducerea pacificatorilor ONU \u00een Donbas.<\/p>\n<p>Exper\u0163ii consider\u0103 c\u0103 Kievul \u015fi Chi\u015fin\u0103u \u015fi-au coordonat ac\u0163iunile. \u00cen aceast\u0103 situa\u0163ie, Rusia, \u00een calitate de membru permanent al Consiliului de Securitate al ONU, va fi nevoit\u0103 s\u0103 aplice de dou\u0103 ori dreptul s\u0103u de veto \u00een cadrul aceleia\u015fi sesiuni, fapt ce \u201epune Kremlinul \u00eentr-o situa\u0163ie jenant\u0103\u201d. \u00cen opinia lor, anume din acest motiv Moscova \u00eentreprinde eforturi active pentru a nu admite introducerea celor dou\u0103 subiecte \u00een agenda de lucru a Adun\u0103rii Generale a ONU.<\/p>\n<p>Sursa:<\/p>\n<p><a href=\"http:\/\/www.infotag.md\/politics-ro\/251550\/\">http:\/\/www.infotag.md\/politics-ro\/251550\/<\/a><\/p>\n","protected":false},"excerpt":{"rendered":"<p>Ministrul Afacerilor Externe al Rusiei, Serghei Lavrov, consider\u0103 c\u0103 retragerea pacificatorilor ru\u015fi din Transnistria ar putea duce la un nou r\u0103zboi \u00een regiune. Potrivit agen\u0163iei INFOTAG, declara\u0163ia a fost f\u0103cut\u0103 vineri \u00een timpul unei \u00eent\u00e2lniri cu studen\u0163ii de la Institutul de Stat pentru Rela\u0163ii Interna\u0163ionale din Moscova cu prilejul noului an de studii. \u201eNu cred&#8230;<\/p>\n","protected":false},"author":2,"featured_media":0,"comment_status":"closed","ping_status":"open","sticky":false,"template":"","format":"standard","meta":[],"categories":[1],"tags":[],"_links":{"self":[{"href":"https:\/\/centers.ulbsibiu.ro\/ccsprise\/lact\/wp-json\/wp\/v2\/posts\/3390"}],"collection":[{"href":"https:\/\/centers.ulbsibiu.ro\/ccsprise\/lact\/wp-json\/wp\/v2\/posts"}],"about":[{"href":"https:\/\/centers.ulbsibiu.ro\/ccsprise\/lact\/wp-json\/wp\/v2\/types\/post"}],"author":[{"embeddable":true,"href":"https:\/\/centers.ulbsibiu.ro\/ccsprise\/lact\/wp-json\/wp\/v2\/users\/2"}],"replies":[{"embeddable":true,"href":"https:\/\/centers.ulbsibiu.ro\/ccsprise\/lact\/wp-json\/wp\/v2\/comments?post=3390"}],"version-history":[{"count":2,"href":"https:\/\/centers.ulbsibiu.ro\/ccsprise\/lact\/wp-json\/wp\/v2\/posts\/3390\/revisions"}],"predecessor-version":[{"id":3392,"href":"https:\/\/centers.ulbsibiu.ro\/ccsprise\/lact\/wp-json\/wp\/v2\/posts\/3390\/revisions\/3392"}],"wp:attachment":[{"href":"https:\/\/centers.ulbsibiu.ro\/ccsprise\/lact\/wp-json\/wp\/v2\/media?parent=3390"}],"wp:term":[{"taxonomy":"category","embeddable":true,"href":"https:\/\/centers.ulbsibiu.ro\/ccsprise\/lact\/wp-json\/wp\/v2\/categories?post=3390"},{"taxonomy":"post_tag","embeddable":true,"href":"https:\/\/centers.ulbsibiu.ro\/ccsprise\/lact\/wp-json\/wp\/v2\/tags?post=3390"}],"curies":[{"name":"wp","href":"https:\/\/api.w.org\/{rel}","templated":true}]}}