{"id":3385,"date":"2017-08-30T18:11:11","date_gmt":"2017-08-30T16:11:11","guid":{"rendered":"https:\/\/centers.ulbsibiu.ro\/ccsprise\/lact\/?p=3385"},"modified":"2017-08-30T18:11:11","modified_gmt":"2017-08-30T16:11:11","slug":"30-08-2017-liderul-de-la-tiraspol-este-multumit-de-cresterea-economiei-transnistrene","status":"publish","type":"post","link":"https:\/\/centers.ulbsibiu.ro\/ccsprise\/lact\/30-08-2017-liderul-de-la-tiraspol-este-multumit-de-cresterea-economiei-transnistrene\/","title":{"rendered":"30.08.2017: LIDERUL DE LA TIRASPOL ESTE MUL\u0162UMIT DE CRE\u015eTEREA ECONOMIEI TRANSNISTRENE"},"content":{"rendered":"<p>Perspectiva de dezvoltare a economiei transnistrene este relativ bun\u0103, guvernul \u00eentreprinde m\u0103suri anticriz\u0103, iar o parte din acestea au deja rezultate. O declara\u0163ie \u00een acest sens a f\u0103cut, mar\u0163i, \u00een cadrul unei conferin\u0163e de pres\u0103, pre\u015fedintele autoproclamatei RMN, Vadim Krasnoselski.<\/p>\n<p>Potrivit agen\u0163iei INFOTAG, el a men\u0163ionat c\u0103 \u201esitua\u0163ia nu este chiar \u00eentr-at\u00e2t de rea dup\u0103 cum o prezint\u0103 unii, principalul e ca s\u0103 nu fim \u00eempiedica\u0163i din afar\u0103\u201d.<\/p>\n<p>Liderul de la Tiraspol este convins c\u0103 industria transnistrean\u0103 se va pune pe picioare \u015fi a adus exemplul Uzinei Metalurgice Moldovene\u015fti, care \u00een anul 2016 \u201epractic \u015fi-a suspendat activitatea, de la \u00eentreprindere au fost scoase activele circulante, iar mii de oameni erau la limita de a fi concedia\u0163i\u201d.<\/p>\n<p>\u201eIar apoi s-a constatat c\u0103, prin ac\u0163iunile chibzuite ale anumitor func\u0163ionari \u015fi, desigur, ale celor care cunosc lucrul, s-a reu\u015fit stabilizarea produc\u0163iei din contul resurselor interne, revenirea la munc\u0103 a tuturor angaja\u0163ilor, fiind vorba de 2300 de oameni\u201d, a spus Krasnoselski, men\u0163ion\u00e2nd c\u0103 ast\u0103zi uzina \u201epl\u0103te\u015fte pentru gaz \u015fi achit\u0103 impozite la buget, livreaz\u0103 valut\u0103 \u00een republic\u0103 \u015fi \u00ee\u015fi recap\u0103t\u0103 statutul de \u00eentreprindere ce formeaz\u0103 bugetul ora\u015fului R\u00eebni\u0163a\u201d.<\/p>\n<p>Potrivit lui, \u00eentr-o situa\u0163ia similar\u0103 este \u015fi Calea Ferat\u0103 Transnistrean\u0103.<\/p>\n<p>\u201eAm fost asigura\u0163i c\u0103 \u00eentreprinderea nu este rentabil\u0103, c\u0103 trebuie v\u00e2ndut\u0103, \u00eens\u0103 s-a constatat c\u0103 pur \u015fi simplu trebuia \u00eenl\u0103turate firmele intermediare. Ast\u0103zi \u00eentreprinderea este rentabil\u0103, iar \u00een primele \u015fapte luni ale anului curent transport\u0103rile au crescut cu 21%\u201d, a comunicat el.<\/p>\n<p>Krasnoselski a remarcat \u015fi dinamica pozitiv\u0103 la \u00eentreprinderile din industria u\u015foar\u0103 \u015fi din complexul agroindustrial.<\/p>\n<p>El a calculat c\u0103, per total, \u201eeconomia republicii a ob\u0163inut peste 1800 de noi locuri de munc\u0103, iar pentru \u015fapte luni este un rezultat destul de bun\u201d.<\/p>\n<p>Pre\u015fedintele regiunii a atras aten\u0163ia \u015fi la cre\u015fterea exporturilor produc\u0163iei transnistrene, \u00een special \u00een Rusia \u2013 cu 54% comparativ cu ianuarie-iulie 2016.<\/p>\n<p>Potrivit datelor statistice oficiale ale Transnistriei, volumul comer\u0163ului exterior al regiuni \u00een primele \u015fapte luni ale anului curent a constituit $833,3 mil., fiind cu 1% mai mult fa\u0163\u0103 de perioada similar\u0103 a anului 2016. Exporturile au crescut cu 3%, p\u00e2n\u0103 la $307,9 mil., iar importurile \u2013 cu 1%, p\u00e2n\u0103 la $525,4 mil. \u00cen acela\u015fi timp, \u00een industrie a fost \u00eenregistrat un declin de 6%, p\u00e2n\u0103 la $386,9 mil.<\/p>\n<p>Sursa:<\/p>\n<p><a href=\"http:\/\/www.infotag.md\/rebelion-ro\/251467\/\">http:\/\/www.infotag.md\/rebelion-ro\/251467\/<\/a><\/p>\n","protected":false},"excerpt":{"rendered":"<p>Perspectiva de dezvoltare a economiei transnistrene este relativ bun\u0103, guvernul \u00eentreprinde m\u0103suri anticriz\u0103, iar o parte din acestea au deja rezultate. O declara\u0163ie \u00een acest sens a f\u0103cut, mar\u0163i, \u00een cadrul unei conferin\u0163e de pres\u0103, pre\u015fedintele autoproclamatei RMN, Vadim Krasnoselski. Potrivit agen\u0163iei INFOTAG, el a men\u0163ionat c\u0103 \u201esitua\u0163ia nu este chiar \u00eentr-at\u00e2t de rea dup\u0103&#8230;<\/p>\n","protected":false},"author":2,"featured_media":0,"comment_status":"closed","ping_status":"open","sticky":false,"template":"","format":"standard","meta":[],"categories":[1],"tags":[],"_links":{"self":[{"href":"https:\/\/centers.ulbsibiu.ro\/ccsprise\/lact\/wp-json\/wp\/v2\/posts\/3385"}],"collection":[{"href":"https:\/\/centers.ulbsibiu.ro\/ccsprise\/lact\/wp-json\/wp\/v2\/posts"}],"about":[{"href":"https:\/\/centers.ulbsibiu.ro\/ccsprise\/lact\/wp-json\/wp\/v2\/types\/post"}],"author":[{"embeddable":true,"href":"https:\/\/centers.ulbsibiu.ro\/ccsprise\/lact\/wp-json\/wp\/v2\/users\/2"}],"replies":[{"embeddable":true,"href":"https:\/\/centers.ulbsibiu.ro\/ccsprise\/lact\/wp-json\/wp\/v2\/comments?post=3385"}],"version-history":[{"count":1,"href":"https:\/\/centers.ulbsibiu.ro\/ccsprise\/lact\/wp-json\/wp\/v2\/posts\/3385\/revisions"}],"predecessor-version":[{"id":3386,"href":"https:\/\/centers.ulbsibiu.ro\/ccsprise\/lact\/wp-json\/wp\/v2\/posts\/3385\/revisions\/3386"}],"wp:attachment":[{"href":"https:\/\/centers.ulbsibiu.ro\/ccsprise\/lact\/wp-json\/wp\/v2\/media?parent=3385"}],"wp:term":[{"taxonomy":"category","embeddable":true,"href":"https:\/\/centers.ulbsibiu.ro\/ccsprise\/lact\/wp-json\/wp\/v2\/categories?post=3385"},{"taxonomy":"post_tag","embeddable":true,"href":"https:\/\/centers.ulbsibiu.ro\/ccsprise\/lact\/wp-json\/wp\/v2\/tags?post=3385"}],"curies":[{"name":"wp","href":"https:\/\/api.w.org\/{rel}","templated":true}]}}