{"id":3382,"date":"2017-08-30T18:06:15","date_gmt":"2017-08-30T16:06:15","guid":{"rendered":"https:\/\/centers.ulbsibiu.ro\/ccsprise\/lact\/?p=3382"},"modified":"2017-08-30T18:07:18","modified_gmt":"2017-08-30T16:07:18","slug":"30-08-2017-krasnoselski-ameninta-din-nou-chisinaul-la-razboi-nu-exista-invingatori-transnistria-teritoriu-rusesc","status":"publish","type":"post","link":"https:\/\/centers.ulbsibiu.ro\/ccsprise\/lact\/30-08-2017-krasnoselski-ameninta-din-nou-chisinaul-la-razboi-nu-exista-invingatori-transnistria-teritoriu-rusesc\/","title":{"rendered":"30.08.2017: Krasnoselski amenin\u021b\u0103 din nou Chi\u0219in\u0103ul: \u201eLa R\u0102ZBOI nu exist\u0103 \u00eenving\u0103tori\u201d: \u201eTransnistria, teritoriu rusesc\u201d"},"content":{"rendered":"<p>Liderul separatist de la Tiraspol, Vadim Krasnoselski, \u00eei recomand\u0103 Chi\u0219in\u0103ului s\u0103 \u201enu ne \u00eencerce curajul\u201d atunci c\u00e2nd cere la ONU discutarea subiectului privind retragerea trupelor ruse\u0219ti din Transnistria.<\/p>\n<p>\u201eEu recomand tuturor s\u0103 nu ne \u00eencerce curajul. V\u0103 spun aceasta \u00een calitate de pre\u015fedinte, de comandant suprem \u015fi de general. Nu v\u0103 ve\u0163i alege cu nimic bun din aceasta. Dimpotriv\u0103, trebuie s\u0103 c\u0103ut\u0103m un numitor comun pentru a solu\u0163iona problemele economice, culturale \u015fi cele umanitare. Nu trebuie s\u0103 ne g\u00e2ndim la r\u0103zboi. La r\u0103zboi nu exist\u0103 \u00eenving\u0103tori. Exist\u0103 o fraz\u0103 excelent\u0103: <em>Cel ce se preg\u0103te\u015fte de r\u0103zboi, nu trebuie s\u0103 se a\u015ftepte la victorie, dar la \u00eenfr\u00e2ngerea, pe care n-o po\u0163i evita<\/em>\u201d, a declarat Krasnoselski \u00eentr-o conferin\u021b\u0103 de pres\u0103 sus\u021binut\u0103 ieri la Tiraspol, scrie <a href=\"https:\/\/novostipmr.com\/ru\/news\/17-08-29\/vadim-krasnoselskiy-posovetoval-ne-proveryat-pridnestrove-na-slabo\" target=\"_blank\">novostpmr.com.<\/a><\/p>\n<p>Potrivit liderului separatist, Transnistria se confrunt\u0103 cu o nou\u0103 politic\u0103 interna\u021bional\u0103, \u00een contextul r\u0103zboiului din Ucraina \u0219i inten\u021bia R. Moldova de a alunga \u201epacificatorii ru\u0219i\u201d din regiune.<\/p>\n<p>\u201eRepublicii Moldova \u00eenc\u0103 nu i-a trecut dorin\u0163a de a solu\u0163iona problema pe cale de r\u0103zboi. Curtea Constitu\u0163ional\u0103 a Republicii Moldova a calificat Rusia drept stat ocupant, iar Transnistria \u2013 regiune ocupat\u0103. Pacificatorii au demonstratm pun\u00e2ndu-\u015fi via\u0163a \u00een pericolm c\u0103 sunt eficien\u0163i. Timp de 25 de ani nu a murit niciun pacificator, nu s-a produs niciun conflict serios. Acum, concluzion\u0103m c\u0103 pacificatorii ru\u015fi amenin\u0163\u0103 cu pacea Republica Moldova\u201d, a spus Krasnoselski. <ins class=\"adsbygoogle\" data-ad-layout=\"in-article\" data-ad-format=\"fluid\" data-ad-slot=\"1371085098\" data-ad-client=\"ca-pub-8674268101049454\"><\/ins><\/p>\n<p><a href=\"https:\/\/novostipmr.com\/ru\/news\/17-08-29\/vadim-krasnoselskiy-kogda-zadayut-vopros-chya-eto-zemlya-vsegda\" target=\"_blank\">\u00cen cadrul unui alt eveniment, produs ieri \u00een Transnistria,<\/a> Krasnoselski a subliniat c\u0103 \u201emisiunea de pacificare a ru\u0219ilor\u201d din Transnistria are \u201er\u0103d\u0103cini ad\u00e2nci\u201d, f\u0103c\u00e2nd referire la un monument instalat \u00een 1912 la Tighina de solda\u021bii ru\u0219i, \u0219i \u201enu poarte fi schimbat\u0103 cu niciuna\u201d.<\/p>\n<p>\u201eC\u00e2nd cineva \u00eentreab\u0103 \u201eal cui este acest p\u0103m\u00e2nt\u201d, tot timpul putem spune c\u0103 \u201eacest p\u0103m\u00e2nt este al lumii ruse, stropit\u0103 cu s\u00e2ngele soldatului rus\u201d, a afirmat liderul separatist, ad\u0103ug\u00e2nd c\u0103 \u00een Transnistria nu exist\u0103 o alt\u0103 istorie a misiunii de pacificare, dec\u00e2t \u201eistoria Rusiei, a pacificatorului rus, a soldatului rus\u201d.<\/p>\n<p>Sursa:<\/p>\n<p><a href=\"http:\/\/www.ziarulnational.md\/krasnoselski-ameninta-din-nou-chisinaul-la-razboi-nu-exista-invingatori-transnistria-teritoriu-rusesc\/\">http:\/\/www.ziarulnational.md\/krasnoselski-ameninta-din-nou-chisinaul-la-razboi-nu-exista-invingatori-transnistria-teritoriu-rusesc\/<\/a><\/p>\n","protected":false},"excerpt":{"rendered":"<p>Liderul separatist de la Tiraspol, Vadim Krasnoselski, \u00eei recomand\u0103 Chi\u0219in\u0103ului s\u0103 \u201enu ne \u00eencerce curajul\u201d atunci c\u00e2nd cere la ONU discutarea subiectului privind retragerea trupelor ruse\u0219ti din Transnistria. \u201eEu recomand tuturor s\u0103 nu ne \u00eencerce curajul. V\u0103 spun aceasta \u00een calitate de pre\u015fedinte, de comandant suprem \u015fi de general. Nu v\u0103 ve\u0163i alege cu nimic&#8230;<\/p>\n","protected":false},"author":2,"featured_media":0,"comment_status":"closed","ping_status":"open","sticky":false,"template":"","format":"standard","meta":[],"categories":[1],"tags":[],"_links":{"self":[{"href":"https:\/\/centers.ulbsibiu.ro\/ccsprise\/lact\/wp-json\/wp\/v2\/posts\/3382"}],"collection":[{"href":"https:\/\/centers.ulbsibiu.ro\/ccsprise\/lact\/wp-json\/wp\/v2\/posts"}],"about":[{"href":"https:\/\/centers.ulbsibiu.ro\/ccsprise\/lact\/wp-json\/wp\/v2\/types\/post"}],"author":[{"embeddable":true,"href":"https:\/\/centers.ulbsibiu.ro\/ccsprise\/lact\/wp-json\/wp\/v2\/users\/2"}],"replies":[{"embeddable":true,"href":"https:\/\/centers.ulbsibiu.ro\/ccsprise\/lact\/wp-json\/wp\/v2\/comments?post=3382"}],"version-history":[{"count":2,"href":"https:\/\/centers.ulbsibiu.ro\/ccsprise\/lact\/wp-json\/wp\/v2\/posts\/3382\/revisions"}],"predecessor-version":[{"id":3384,"href":"https:\/\/centers.ulbsibiu.ro\/ccsprise\/lact\/wp-json\/wp\/v2\/posts\/3382\/revisions\/3384"}],"wp:attachment":[{"href":"https:\/\/centers.ulbsibiu.ro\/ccsprise\/lact\/wp-json\/wp\/v2\/media?parent=3382"}],"wp:term":[{"taxonomy":"category","embeddable":true,"href":"https:\/\/centers.ulbsibiu.ro\/ccsprise\/lact\/wp-json\/wp\/v2\/categories?post=3382"},{"taxonomy":"post_tag","embeddable":true,"href":"https:\/\/centers.ulbsibiu.ro\/ccsprise\/lact\/wp-json\/wp\/v2\/tags?post=3382"}],"curies":[{"name":"wp","href":"https:\/\/api.w.org\/{rel}","templated":true}]}}