{"id":3379,"date":"2017-08-28T12:40:13","date_gmt":"2017-08-28T10:40:13","guid":{"rendered":"https:\/\/centers.ulbsibiu.ro\/ccsprise\/lact\/?p=3379"},"modified":"2017-08-28T12:41:25","modified_gmt":"2017-08-28T10:41:25","slug":"28-08-2017-dodon-vrea-sa-se-adreseze-conducerii-ue-presedintelui-rusiei-si-osce-misiunea-mea-cea-mai-importanta-e-sa-descurajez-orice-tentativa-de-provocare-a-unui-nou-conflict-armat-pe-ni","status":"publish","type":"post","link":"https:\/\/centers.ulbsibiu.ro\/ccsprise\/lact\/28-08-2017-dodon-vrea-sa-se-adreseze-conducerii-ue-presedintelui-rusiei-si-osce-misiunea-mea-cea-mai-importanta-e-sa-descurajez-orice-tentativa-de-provocare-a-unui-nou-conflict-armat-pe-ni\/","title":{"rendered":"28.08.2017: Dodon vrea s\u0103 se adreseze conducerii UE, pre\u0219edintelui Rusiei \u0219i OSCE: \u201eMisiunea mea cea mai important\u0103 e s\u0103 descurajez orice tentativ\u0103 de provocare a unui nou conflict armat pe Nistru\u201d"},"content":{"rendered":"<p>Pre\u015fedintele Igor Dodon se g\u00e2nde\u015fte s\u0103 solicite liderilor Uniunii Europene, OSCE \u015fi personal pre\u0219edintelui Rusiei acordarea de asisten\u0163\u0103 pentru consolidarea \u201esecurit\u0103\u0163ii \u015fi stabilit\u0103\u0163ii Republicii Moldova\u201d.<\/p>\n<p>\u00cen discursul s\u0103u \u021binut cu ocazia Zilei Independen\u021bei R. Moldova, cea mai mare parte \u00een limba rus\u0103, Dodon sus\u021bine c\u0103 \u201emisiunea mea cea mai important\u0103 acum e s\u0103 descurajez orice tentativ\u0103 de provocare a unui nou conflict armat pe Nistru. Asigurarea p\u0103cii, a neutralit\u0103\u021bii \u0219i p\u0103strarea statalit\u0103\u021bii constituie prima mea preocupare, astfel \u00eenc\u00eet urm\u0103toarele anivers\u0103ri ale Independen\u021bei s\u0103 ne g\u0103seasc\u0103 mai consolida\u021bi \u0219i integri teritorial, nu dezbina\u021bi \u0219i dezintegra\u021bi definitiv\u201d.<\/p>\n<p>Potrivit lui Dodon, \u201eamenin\u021b\u0103rile la adresa p\u0103cii sunt tot mai vizibile\u201d: \u201eTensiunile geopolitice continu\u0103 s\u0103 se escaladeze \u00een leg\u0103tur\u0103 cu R. Moldova din perspectiva confrunt\u0103rii \u00eentre Est \u015fi Vest. Toate aceste circumstan\u0163e m\u0103 fac s\u0103 m\u0103 g\u00e2ndesc la un apel c\u0103tre liderii Uniunii Europene, pre\u015fedintele rus \u015fi, probabil, c\u0103tre pre\u015fedintele \u00een exerci\u0163iu al OSCE, cu solicitarea de asisten\u0163\u0103 comun\u0103 pentru consolidarea stabilit\u0103\u0163ii \u015fi securit\u0103\u0163ii \u00een Republica Moldova, inclusiv prin acordarea de aten\u0163ie deosebit\u0103 problemei reglement\u0103rii transnistrene\u201d, a spus Dodon \u00een discursul s\u0103u.<\/p>\n<p>\u00cen \u00eencheiere, \u0219eful statului anun\u021b\u0103 \u201esingura solu\u021bie \u00een\u021beleapt\u0103\u201d pentru politica R. Moldova.<\/p>\n<p>\u201eConsider c\u0103 acum, c\u00eend \u021bara, clasa politic\u0103 \u0219i societatea s\u00eent dezbinate de dou\u0103 curente geopolitice antagoniste, iar arena interna\u021bional\u0103 e tulburat\u0103 de conflicte \u0219i du\u0219m\u0103nie, exist\u0103 o singur\u0103 solu\u021bie \u00een\u021beleapt\u0103 \u00een politica noastr\u0103 \u2013 s\u0103 ne concentr\u0103m pe dezvoltarea Moldovei, astfel \u00eenc\u00e2t \u021bara s\u0103 fie prioritatea noastr\u0103, nu un proiect geopolitic sau altul\u201d, ma afirmat Dodon.<\/p>\n<p>Sursa:<\/p>\n<p><a href=\"http:\/\/www.ziarulnational.md\/dodon-vrea-sa-se-adreseze-conducerii-ue-presedintelui-rusiei-si-osce-misiunea-mea-cea-mai-importanta-e-sa-descurajez-orice-tentativa-de-provocare-a-unui-nou-conflict-armat-pe-nistru\/\">http:\/\/www.ziarulnational.md\/dodon-vrea-sa-se-adreseze-conducerii-ue-presedintelui-rusiei-si-osce-misiunea-mea-cea-mai-importanta-e-sa-descurajez-orice-tentativa-de-provocare-a-unui-nou-conflict-armat-pe-nistru\/<\/a><\/p>\n","protected":false},"excerpt":{"rendered":"<p>Pre\u015fedintele Igor Dodon se g\u00e2nde\u015fte s\u0103 solicite liderilor Uniunii Europene, OSCE \u015fi personal pre\u0219edintelui Rusiei acordarea de asisten\u0163\u0103 pentru consolidarea \u201esecurit\u0103\u0163ii \u015fi stabilit\u0103\u0163ii Republicii Moldova\u201d. \u00cen discursul s\u0103u \u021binut cu ocazia Zilei Independen\u021bei R. Moldova, cea mai mare parte \u00een limba rus\u0103, Dodon sus\u021bine c\u0103 \u201emisiunea mea cea mai important\u0103 acum e s\u0103 descurajez orice&#8230;<\/p>\n","protected":false},"author":2,"featured_media":0,"comment_status":"closed","ping_status":"open","sticky":false,"template":"","format":"standard","meta":[],"categories":[1],"tags":[],"_links":{"self":[{"href":"https:\/\/centers.ulbsibiu.ro\/ccsprise\/lact\/wp-json\/wp\/v2\/posts\/3379"}],"collection":[{"href":"https:\/\/centers.ulbsibiu.ro\/ccsprise\/lact\/wp-json\/wp\/v2\/posts"}],"about":[{"href":"https:\/\/centers.ulbsibiu.ro\/ccsprise\/lact\/wp-json\/wp\/v2\/types\/post"}],"author":[{"embeddable":true,"href":"https:\/\/centers.ulbsibiu.ro\/ccsprise\/lact\/wp-json\/wp\/v2\/users\/2"}],"replies":[{"embeddable":true,"href":"https:\/\/centers.ulbsibiu.ro\/ccsprise\/lact\/wp-json\/wp\/v2\/comments?post=3379"}],"version-history":[{"count":2,"href":"https:\/\/centers.ulbsibiu.ro\/ccsprise\/lact\/wp-json\/wp\/v2\/posts\/3379\/revisions"}],"predecessor-version":[{"id":3381,"href":"https:\/\/centers.ulbsibiu.ro\/ccsprise\/lact\/wp-json\/wp\/v2\/posts\/3379\/revisions\/3381"}],"wp:attachment":[{"href":"https:\/\/centers.ulbsibiu.ro\/ccsprise\/lact\/wp-json\/wp\/v2\/media?parent=3379"}],"wp:term":[{"taxonomy":"category","embeddable":true,"href":"https:\/\/centers.ulbsibiu.ro\/ccsprise\/lact\/wp-json\/wp\/v2\/categories?post=3379"},{"taxonomy":"post_tag","embeddable":true,"href":"https:\/\/centers.ulbsibiu.ro\/ccsprise\/lact\/wp-json\/wp\/v2\/tags?post=3379"}],"curies":[{"name":"wp","href":"https:\/\/api.w.org\/{rel}","templated":true}]}}