{"id":3375,"date":"2017-08-25T14:07:52","date_gmt":"2017-08-25T12:07:52","guid":{"rendered":"https:\/\/centers.ulbsibiu.ro\/ccsprise\/lact\/?p=3375"},"modified":"2017-08-25T14:07:52","modified_gmt":"2017-08-25T12:07:52","slug":"25-08-2017-operatiunea-de-mentinere-a-pacii-pe-nistru-in-formatul-existent-trebuie-sa-continue-igor-dodon","status":"publish","type":"post","link":"https:\/\/centers.ulbsibiu.ro\/ccsprise\/lact\/25-08-2017-operatiunea-de-mentinere-a-pacii-pe-nistru-in-formatul-existent-trebuie-sa-continue-igor-dodon\/","title":{"rendered":"25.08.2017: OPERA\u0162IUNEA DE MEN\u0162INERE A P\u0102CII PE NISTRU \u00ceN FORMATUL EXISTENT TREBUIE S\u0102 CONTINUE \u2013 IGOR DODON"},"content":{"rendered":"<p>Opera\u0163iunea de men\u0163inere a p\u0103cii pe Nistru \u00een formatul existent trebuie s\u0103 continue, consider\u0103 Pre\u015fedintele Moldovei, Igor Dodon.<\/p>\n<p>Potrivit agen\u0163iei INFOTAG, \u015feful statului a scris aceast\u0103 opinie pe pagina sa de facebook, dup\u0103 ce joi a vizitat compania infanterie independent\u0103 a For\u0163elor de Men\u0163inere a P\u0103cii a Republicii Moldova, dislocat\u0103 \u00een satul Varni\u0163a, raionul Anenii Noi.<\/p>\n<p>\u201e\u00cen calitate de comandant suprem al For\u021belor Armate, continui vizitele la obiectele militare din \u0163ara noastr\u0103. Am luat cuno\u0219tin\u021b\u0103 de condi\u0163iile de trai ale militarilor, de starea tehnic\u0103 a bazei militare \u015fi de situa\u0163ia curent\u0103 \u00een Zona de Securitate. \u00cenc\u0103 o dat\u0103 m-am convins c\u0103 opera\u0163iunea de pacificare de pe Nistru se desf\u0103\u015foar\u0103 la un nivel profesionist \u00eenalt \u015fi \u00eendepline\u015fte sarcinile prev\u0103zute \u00een Acordul cu privire la principiile reglement\u0103rii pa\u015fnice a conflictului armat din zona nistrean\u0103 a Republicii Moldova, care a fost semnat \u00een anul 1992 de c\u0103tre Moldova \u015fi Rusia\u201d, a scris Dodon.<\/p>\n<p>El consider\u0103 c\u0103, acum 25 de ani, acest acord \u201ea pus cap\u0103t r\u0103zboiului fratricid de pe malurile Nistrului\u201d.<\/p>\n<p>\u201eSunt preg\u0103ti\u021bi oare Guvernul \u015fi majoritatea parlamentar\u0103 s\u0103 anuleze \u00een mod unilateral acest acord \u015fi s\u0103-\u015fi asume r\u0103spunderea pentru destabilizarea situa\u0163iei \u00een regiune, pentru revenirea la situa\u0163ia care a anticipat semnarea Acordului?\u201d, se \u00eentreab\u0103 Dodon.<\/p>\n<p>\u201eSunt convins c\u0103 Acordul din 1992 trebuie s\u0103 func\u0163ioneze \u00een continuare \u00een conformitate cu prevederile pe care le con\u021bine. Opera\u0163iunea de pacificare \u00een formatul existent trebuie s\u0103 se desf\u0103\u0219oare \u00een continuare. Nimeni nu este \u00een drept s\u0103 \u00eempiedice rota\u0163ia programat\u0103 a pacificatorilor \u015fi executarea sarcinilor ce le revin acestora privind men\u0163inerea p\u0103cii \u00een regiune\u201d, a subliniat el.<\/p>\n<p>INFOTAG precizeaz\u0103: Guvernul propune \u00eenlocuirea opera\u0163iunii de men\u0163inere a p\u0103cii, la care particip\u0103 Rusia, Ucraina, Moldova \u015fi Transnistria, cu o misiune civil\u0103 sub egida ONU. \u00cempotriv\u0103 este Transnistria, care consider\u0103 c\u0103 \u00een ace\u015fti 25 de ani pe Nistru domne\u015fte pacea \u015fi nu sunt confrunt\u0103ri armate datorit\u0103 pacificatorilor ru\u015fi.<\/p>\n<p>Sursa:<\/p>\n<p><a href=\"http:\/\/www.infotag.md\/politics-ro\/251278\/\">http:\/\/www.infotag.md\/politics-ro\/251278\/<\/a><\/p>\n","protected":false},"excerpt":{"rendered":"<p>Opera\u0163iunea de men\u0163inere a p\u0103cii pe Nistru \u00een formatul existent trebuie s\u0103 continue, consider\u0103 Pre\u015fedintele Moldovei, Igor Dodon. Potrivit agen\u0163iei INFOTAG, \u015feful statului a scris aceast\u0103 opinie pe pagina sa de facebook, dup\u0103 ce joi a vizitat compania infanterie independent\u0103 a For\u0163elor de Men\u0163inere a P\u0103cii a Republicii Moldova, dislocat\u0103 \u00een satul Varni\u0163a, raionul Anenii&#8230;<\/p>\n","protected":false},"author":2,"featured_media":0,"comment_status":"closed","ping_status":"open","sticky":false,"template":"","format":"standard","meta":[],"categories":[1],"tags":[],"_links":{"self":[{"href":"https:\/\/centers.ulbsibiu.ro\/ccsprise\/lact\/wp-json\/wp\/v2\/posts\/3375"}],"collection":[{"href":"https:\/\/centers.ulbsibiu.ro\/ccsprise\/lact\/wp-json\/wp\/v2\/posts"}],"about":[{"href":"https:\/\/centers.ulbsibiu.ro\/ccsprise\/lact\/wp-json\/wp\/v2\/types\/post"}],"author":[{"embeddable":true,"href":"https:\/\/centers.ulbsibiu.ro\/ccsprise\/lact\/wp-json\/wp\/v2\/users\/2"}],"replies":[{"embeddable":true,"href":"https:\/\/centers.ulbsibiu.ro\/ccsprise\/lact\/wp-json\/wp\/v2\/comments?post=3375"}],"version-history":[{"count":1,"href":"https:\/\/centers.ulbsibiu.ro\/ccsprise\/lact\/wp-json\/wp\/v2\/posts\/3375\/revisions"}],"predecessor-version":[{"id":3376,"href":"https:\/\/centers.ulbsibiu.ro\/ccsprise\/lact\/wp-json\/wp\/v2\/posts\/3375\/revisions\/3376"}],"wp:attachment":[{"href":"https:\/\/centers.ulbsibiu.ro\/ccsprise\/lact\/wp-json\/wp\/v2\/media?parent=3375"}],"wp:term":[{"taxonomy":"category","embeddable":true,"href":"https:\/\/centers.ulbsibiu.ro\/ccsprise\/lact\/wp-json\/wp\/v2\/categories?post=3375"},{"taxonomy":"post_tag","embeddable":true,"href":"https:\/\/centers.ulbsibiu.ro\/ccsprise\/lact\/wp-json\/wp\/v2\/tags?post=3375"}],"curies":[{"name":"wp","href":"https:\/\/api.w.org\/{rel}","templated":true}]}}