{"id":3373,"date":"2017-08-25T14:05:27","date_gmt":"2017-08-25T12:05:27","guid":{"rendered":"https:\/\/centers.ulbsibiu.ro\/ccsprise\/lact\/?p=3373"},"modified":"2017-08-25T14:05:27","modified_gmt":"2017-08-25T12:05:27","slug":"25-08-2017-krasnoselski-vobeste-din-nou-despre-un-razboi-la-nistru-in-contextul-solicitarii-chisinaului-de-a-discuta-la-onu-retragerea-trupelor-rusesti-din-r-moldova","status":"publish","type":"post","link":"https:\/\/centers.ulbsibiu.ro\/ccsprise\/lact\/25-08-2017-krasnoselski-vobeste-din-nou-despre-un-razboi-la-nistru-in-contextul-solicitarii-chisinaului-de-a-discuta-la-onu-retragerea-trupelor-rusesti-din-r-moldova\/","title":{"rendered":"25.08.2017: Krasnoselski vobe\u0219te din nou despre un R\u0102ZBOI la Nistru, \u00een contextul solicit\u0103rii Chi\u0219in\u0103ului de a discuta la ONU retragerea trupelor ruse\u0219ti din R. Moldova"},"content":{"rendered":"<p>\u201eAceast\u0103 ini\u021biativ\u0103 nu are scopul de a men\u021bine pacea pe ambele maluri ale Nistrului. Sunt ferm convins c\u0103 cei care au provocat aceast\u0103 situa\u021bie, care vor retragerea pacificatorilor ru\u0219i din zona de securitate \u00ee\u0219i doresc s\u0103 escaladeze conflictul din regiunea transnistrean\u0103. Trebuie s\u0103 ne g\u00e2ndim cui \u00eei convine acest lucru\u201d, a\u0219a a comentat liderul separatist de la Tiraspol, Vadim Krasnoselski, solicitarea Guvernului de la Chi\u0219in\u0103u de a introduce \u00een agenda de discu\u021bii a Adun\u0103rii Generale a ONU chestiunea retragerii trupelor ruse\u0219ti din R. Moldova.<\/p>\n<p>\u00centr-un interviu pentru \u201e<a href=\"https:\/\/www.pnp.ru\/politics\/krasnoselskiy-rossiya-mogla-by-podnyat-v-oon-vopros-o-priznanii-pridnestrovya.html\" target=\"_blank\">Parlamentskaia Gazeta<\/a>\u201d din Rusia, Krasnoselski s-a ar\u0103tat convins c\u0103, dac\u0103 \u201epacificatorii ru\u0219i\u201d vor pleca din regiune, posibilitatea ca ostilit\u0103\u021bile de la Nistru s\u0103 fie reluate este \u201efoarte mare\u201d.<\/p>\n<p>\u201eNoi avem informa\u021biile din surse deschise. Regiunea este mic\u0103, informa\u021bia oricum iese la suprafa\u021b\u0103. \u0218i, desigur, \u021binem eviden\u021ba unor astfel de evenimente. Voi spune sincer, nu exist\u0103 optimism \u00een situa\u021bia din interiorul \u0219i din afara Transnistriei\u201d, a amenin\u021bat voalat liderul separatist.<\/p>\n<p>Krasnoselski se bazeaz\u0103 pe sprijinul Rusiei la ONU \u0219i anun\u021b\u0103 c\u0103 acolo ar putea fi pus\u0103 problema recunoa\u0219terii interna\u021bionale a Transnistriei.<\/p>\n<p>\u201eRusia nu este doar un stat puternic. Rusia este un garant al reglement\u0103rii conflictului transnistrean \u0219i este garantul negocierilor \u00een formatului \u201e5 + 2\u201c. Federa\u021bia Rus\u0103 ar putea reprezenta la ONU interesele Transnistriei. \u0218i dac\u0103 R. Moldova pune, la Organiza\u021bia Na\u021biunilor Unite, problema retragerii pacificatorilor ru\u0219i din Transnistria, de ce, \u00een situa\u021bia creat\u0103, s\u0103 nu ridic\u0103m problema la ONU de recunoa\u0219tere a Transnistriei?\u201d, \u00eentreab\u0103 liderul separatist \u00een acela\u0219i interviu.<\/p>\n<p>&nbsp;<\/p>\n<p>Sursa:<\/p>\n<p><a href=\"http:\/\/www.ziarulnational.md\/krasnoselski-vobeste-din-nou-despre-un-razboi-la-nistru-in-contextul-solicitarii-chisinaului-de-a-discuta-la-onu-retragerea-trupelor-rusesti-din-r-moldova\/\">http:\/\/www.ziarulnational.md\/krasnoselski-vobeste-din-nou-despre-un-razboi-la-nistru-in-contextul-solicitarii-chisinaului-de-a-discuta-la-onu-retragerea-trupelor-rusesti-din-r-moldova\/<\/a><\/p>\n","protected":false},"excerpt":{"rendered":"<p>\u201eAceast\u0103 ini\u021biativ\u0103 nu are scopul de a men\u021bine pacea pe ambele maluri ale Nistrului. Sunt ferm convins c\u0103 cei care au provocat aceast\u0103 situa\u021bie, care vor retragerea pacificatorilor ru\u0219i din zona de securitate \u00ee\u0219i doresc s\u0103 escaladeze conflictul din regiunea transnistrean\u0103. Trebuie s\u0103 ne g\u00e2ndim cui \u00eei convine acest lucru\u201d, a\u0219a a comentat liderul separatist&#8230;<\/p>\n","protected":false},"author":2,"featured_media":0,"comment_status":"closed","ping_status":"open","sticky":false,"template":"","format":"standard","meta":[],"categories":[1],"tags":[],"_links":{"self":[{"href":"https:\/\/centers.ulbsibiu.ro\/ccsprise\/lact\/wp-json\/wp\/v2\/posts\/3373"}],"collection":[{"href":"https:\/\/centers.ulbsibiu.ro\/ccsprise\/lact\/wp-json\/wp\/v2\/posts"}],"about":[{"href":"https:\/\/centers.ulbsibiu.ro\/ccsprise\/lact\/wp-json\/wp\/v2\/types\/post"}],"author":[{"embeddable":true,"href":"https:\/\/centers.ulbsibiu.ro\/ccsprise\/lact\/wp-json\/wp\/v2\/users\/2"}],"replies":[{"embeddable":true,"href":"https:\/\/centers.ulbsibiu.ro\/ccsprise\/lact\/wp-json\/wp\/v2\/comments?post=3373"}],"version-history":[{"count":1,"href":"https:\/\/centers.ulbsibiu.ro\/ccsprise\/lact\/wp-json\/wp\/v2\/posts\/3373\/revisions"}],"predecessor-version":[{"id":3374,"href":"https:\/\/centers.ulbsibiu.ro\/ccsprise\/lact\/wp-json\/wp\/v2\/posts\/3373\/revisions\/3374"}],"wp:attachment":[{"href":"https:\/\/centers.ulbsibiu.ro\/ccsprise\/lact\/wp-json\/wp\/v2\/media?parent=3373"}],"wp:term":[{"taxonomy":"category","embeddable":true,"href":"https:\/\/centers.ulbsibiu.ro\/ccsprise\/lact\/wp-json\/wp\/v2\/categories?post=3373"},{"taxonomy":"post_tag","embeddable":true,"href":"https:\/\/centers.ulbsibiu.ro\/ccsprise\/lact\/wp-json\/wp\/v2\/tags?post=3373"}],"curies":[{"name":"wp","href":"https:\/\/api.w.org\/{rel}","templated":true}]}}