
{"id":586,"date":"2026-04-29T09:58:19","date_gmt":"2026-04-29T06:58:19","guid":{"rendered":"https:\/\/centers.ulbsibiu.ro\/ccap\/?p=586"},"modified":"2026-04-29T09:58:19","modified_gmt":"2026-04-29T06:58:19","slug":"conferinta-nationala-de-cercetare-in-educatie-cered-cunoasterea-in-miscare-contexte-si-directii-noi-in-cercetarea-educationala","status":"publish","type":"post","link":"https:\/\/centers.ulbsibiu.ro\/ccap\/conferinta-nationala-de-cercetare-in-educatie-cered-cunoasterea-in-miscare-contexte-si-directii-noi-in-cercetarea-educationala\/","title":{"rendered":"Conferin\u021ba Na\u021bional\u0103 de Cercetare \u00een Educa\u021bie (CERED) CUNOA\u0218TEREA \u201e\u00ceN MI\u0218CARE\u201d: CONTEXTE \u0218I DIREC\u021aII NOI \u00ceN CERCETAREA EDUCA\u021aIONAL\u0102"},"content":{"rendered":"<div id=\"dslc-theme-content\"><div id=\"dslc-theme-content-inner\"><div>\n<h2 style=\"text-align: center;\">Conferin\u021ba Na\u021bional\u0103 de Cercetare \u00een Educa\u021bie (CERED)<br \/>\nCUNOA\u0218TEREA \u201e\u00ceN MI\u0218CARE\u201d: CONTEXTE \u0218I DIREC\u021aII NOI \u00ceN<br \/>\nCERCETAREA EDUCA\u021aIONAL\u0102<\/h2>\n<p style=\"text-align: center;\">17-19 septembrie 2026<br \/>\nUniversitatea \u201eLucian Blaga\u201d din Sibiu<\/p>\n<\/div>\n<div>\n<h3>CERED 2026<\/h3>\n<p>Ajuns\u0103 la cea de-a XIII-a edi\u021bie, Conferin\u021ba Na\u021bional\u0103 de Cercetare \u00een Educa\u021bie (CERED) se va desf\u0103\u0219ura \u00een perioada 17-19 septembrie 2026 la Universitatea \u201cLucian Blaga\u201d din Sibiu.<br \/>\nCa \u0219i \u00een edi\u021biile anterioare, CERED 2026 \u00ee\u0219i propune s\u0103 reprezinte o oportunitate de diseminare de rezultate ale cercet\u0103rilor \u0219tiin\u021bifice, de analize \u0219i dezbateri educa\u021bionale, un cadru formalizat pentru dialoguri problematizante, constructive \u0219i prospective \u00eentre speciali\u0219ti, factori de decizie \u0219i practicieni, de formulare de noi direc\u021bii pentru cercetarea educa\u021bional\u0103.<br \/>\n\u00cen acord cu direc\u021biile promovate de European Educational Research Association (EERA) \u0219i cu tema European Conference on Educational Research (ECER), ce va avea loc \u00een august 2026 la Tampere, Finlanda, CERED avanseaz\u0103, pentru acest an, o tematic\u0103 axat\u0103 pe semnifica\u021bia cunoa\u0219terii \u201e\u00een mi\u0219care\u201d, pe eviden\u021bierea caracterului dinamic al proceselor \u0219i al cercet\u0103rii educa\u021bionale, care genereaz\u0103, permanent, noi cadre de analiz\u0103, \u00een\u021belegere, interven\u021bie \u0219i dezvoltare.<br \/>\nEduca\u021bia \u0219i cercetarea \u00een domeniul educa\u021biei r\u0103m\u00e2n orientate spre viitor, oferind r\u0103spunsuri pertinente \u0219i sustenabile la provoc\u0103rile actuale \u0219i viitoare ale societ\u0103\u021bii, prin promovarea unei cunoa\u0219teri \u201e\u00een mi\u0219care\u201d, ca proces activ, dinamic, deschis la nou, prospectiv \u0219i transformativ.<\/p>\n<\/div>\n<\/div><\/div>","protected":false},"excerpt":{"rendered":"<p>Conferin\u021ba Na\u021bional\u0103 de Cercetare \u00een Educa\u021bie (CERED) CUNOA\u0218TEREA \u201e\u00ceN MI\u0218CARE\u201d: CONTEXTE \u0218I DIREC\u021aII NOI \u00ceN CERCETAREA EDUCA\u021aIONAL\u0102 17-19 septembrie 2026 Universitatea \u201eLucian Blaga\u201d din Sibiu CERED 2026 Ajuns\u0103 la cea de-a XIII-a edi\u021bie, Conferin\u021ba Na\u021bional\u0103 de Cercetare \u00een Educa\u021bie (CERED) se va desf\u0103\u0219ura \u00een perioada 17-19 septembrie 2026 la Universitatea \u201cLucian Blaga\u201d din Sibiu. Ca [&hellip;]<\/p>\n","protected":false},"author":1,"featured_media":587,"comment_status":"closed","ping_status":"open","sticky":false,"template":"","format":"standard","meta":{"footnotes":""},"categories":[12],"tags":[],"class_list":["post-586","post","type-post","status-publish","format-standard","has-post-thumbnail","hentry","category-evenimente"],"_links":{"self":[{"href":"https:\/\/centers.ulbsibiu.ro\/ccap\/wp-json\/wp\/v2\/posts\/586","targetHints":{"allow":["GET"]}}],"collection":[{"href":"https:\/\/centers.ulbsibiu.ro\/ccap\/wp-json\/wp\/v2\/posts"}],"about":[{"href":"https:\/\/centers.ulbsibiu.ro\/ccap\/wp-json\/wp\/v2\/types\/post"}],"author":[{"embeddable":true,"href":"https:\/\/centers.ulbsibiu.ro\/ccap\/wp-json\/wp\/v2\/users\/1"}],"replies":[{"embeddable":true,"href":"https:\/\/centers.ulbsibiu.ro\/ccap\/wp-json\/wp\/v2\/comments?post=586"}],"version-history":[{"count":1,"href":"https:\/\/centers.ulbsibiu.ro\/ccap\/wp-json\/wp\/v2\/posts\/586\/revisions"}],"predecessor-version":[{"id":588,"href":"https:\/\/centers.ulbsibiu.ro\/ccap\/wp-json\/wp\/v2\/posts\/586\/revisions\/588"}],"wp:featuredmedia":[{"embeddable":true,"href":"https:\/\/centers.ulbsibiu.ro\/ccap\/wp-json\/wp\/v2\/media\/587"}],"wp:attachment":[{"href":"https:\/\/centers.ulbsibiu.ro\/ccap\/wp-json\/wp\/v2\/media?parent=586"}],"wp:term":[{"taxonomy":"category","embeddable":true,"href":"https:\/\/centers.ulbsibiu.ro\/ccap\/wp-json\/wp\/v2\/categories?post=586"},{"taxonomy":"post_tag","embeddable":true,"href":"https:\/\/centers.ulbsibiu.ro\/ccap\/wp-json\/wp\/v2\/tags?post=586"}],"curies":[{"name":"wp","href":"https:\/\/api.w.org\/{rel}","templated":true}]}}